{"id":10944,"date":"2025-01-14T15:47:07","date_gmt":"2025-01-14T18:47:07","guid":{"rendered":"https:\/\/www.toque-musicall.com\/?p=10944"},"modified":"2025-02-03T15:48:44","modified_gmt":"2025-02-03T18:48:44","slug":"zito-righi-e-seu-conjunto-alucinolandia-1969","status":"publish","type":"post","link":"https:\/\/www.toque-musicall.com\/?p=10944","title":{"rendered":"Zito Righi E Seu Conjunto &#8211; Alucinolandia (1969)"},"content":{"rendered":"\n<figure class=\"wp-block-image size-large\"><img decoding=\"async\" src=\"https:\/\/blogger.googleusercontent.com\/img\/b\/R29vZ2xl\/AVvXsEiv-i5h138fsK4pH88BHF_PktkPEezWhHBq5aQCjmO4kB4FJ5S-exb7wa2kn5YbwIYyPPfKgIkwdtwLeFsscPxEB4HDQMKhfkxyue-QiC9i0yd75a-9wKUd-INQ0Km1SgPQcFieOnv6oPwKTSEmYWoRd4Rm_38Kw6C5S8robai9tPrm55OlJSOlt6a-iM6e\/w640-h634\/Capturar.JPG\" alt=\"\"\/><\/figure>\n\n\n\n<figure class=\"wp-block-image size-large\"><img decoding=\"async\" src=\"https:\/\/blogger.googleusercontent.com\/img\/b\/R29vZ2xl\/AVvXsEi9Id2xcKys3zNJsWwu9Hed7eqfYUFvwkNSehgc5n39jZZ4IZxfyQUMu0TJgjkzGL_-Wk_x_WQKn7txVt3wD4YMzdjhFcZm6nCYAauX0xzZ_fSwbfLRP3CAsUJCsSvwnHz_dDG4qkktLchunJd_bNkH_g6S02HwKpESRBUhK4ITcIqCUBNo9U6P6-hoY6hf\/w640-h636\/Capturarb.JPG\" alt=\"\"\/><\/figure>\n\n\n<div class=\"separator\">Prezados, nosso encontro hoje \u00e9 com Zito Righ, m\u00fasicos multi-instrumentista, lider de orquestra\/conjunto e compositor. Se destacou mais como saxofonista nos anos 50 e 60. Como tantos outros m\u00fasicos de sua \u00e9poca passou por diferentes palcos, r\u00e1dios e boates. Sua discografia \u00e9 um tanto confusa, sendo que ele tamb\u00e9m gravou e se apresentou com outros nomes, os famosos pseud\u00f4nimos. No final dos anos 60 ele gravou este lp, uma esp\u00e9cie de torpicalismo psicod\u00e9lico, pelo menos na capa. Um disco ritmado e bem suingado, com samba, pop, jazz e o que vier, seguindo a linha de outros grupos da \u00e9poca como A Turma do Embalo, de Carlos Imperial. Destaque tamb\u00e9m neste disco para a cantora Sonia Santos em in\u00edcio de carreira. Inclusive, \u00e9 dela a faixa de abertura, &#8220;Poema R\u00edtmico do Malandro&#8221;, m\u00fasica esta que ela regravaria em nova vers\u00e3o mais cadenciada em samba de partido alto.<\/div>\n<div class=\"separator\">\u00a0<\/div>\n<div class=\"separator\">poema ritmico do malandro<\/div>\n<div class=\"separator\">somos todos irm\u00e3o<\/div>\n<div>once in a while<\/div>\n<div>birimbau<\/div>\n<div>primeira conjuga\u00e7\u00e3o<\/div>\n<div>bye bye<\/div>\n<div>love is here to stay<\/div>\n<div>isn&#8217;t a dream<\/div>\n<div>sou feliz aqui<\/div>\n<div>adeus amor<\/div>\n<div>alvorada<\/div>\n<div>hert<\/div>\n<div>\u00a0<\/div>\n<div>\u00a0<\/div>\n<div>\n<div>.<\/div>\n<\/div>","protected":false},"excerpt":{"rendered":"<p>Prezados, nosso encontro hoje \u00e9 com Zito Righ, m\u00fasicos multi-instrumentista, lider de orquestra\/conjunto e compositor. Se destacou mais como saxofonista nos anos 50 e 60. Como tantos outros m\u00fasicos de sua \u00e9poca passou por diferentes palcos, r\u00e1dios e boates. Sua &hellip; <a href=\"https:\/\/www.toque-musicall.com\/?p=10944\">Continue lendo <span class=\"meta-nav\">&rarr;<\/span><\/a><\/p>\n","protected":false},"author":1,"featured_media":0,"comment_status":"closed","ping_status":"closed","sticky":false,"template":"","format":"standard","meta":{"footnotes":""},"categories":[1],"tags":[4855,5871],"class_list":["post-10944","post","type-post","status-publish","format-standard","hentry","category-sem-categoria","tag-selo-hot","tag-zito-righ-e-seu-conjunto"],"_links":{"self":[{"href":"https:\/\/www.toque-musicall.com\/index.php?rest_route=\/wp\/v2\/posts\/10944","targetHints":{"allow":["GET"]}}],"collection":[{"href":"https:\/\/www.toque-musicall.com\/index.php?rest_route=\/wp\/v2\/posts"}],"about":[{"href":"https:\/\/www.toque-musicall.com\/index.php?rest_route=\/wp\/v2\/types\/post"}],"author":[{"embeddable":true,"href":"https:\/\/www.toque-musicall.com\/index.php?rest_route=\/wp\/v2\/users\/1"}],"replies":[{"embeddable":true,"href":"https:\/\/www.toque-musicall.com\/index.php?rest_route=%2Fwp%2Fv2%2Fcomments&post=10944"}],"version-history":[{"count":1,"href":"https:\/\/www.toque-musicall.com\/index.php?rest_route=\/wp\/v2\/posts\/10944\/revisions"}],"predecessor-version":[{"id":10945,"href":"https:\/\/www.toque-musicall.com\/index.php?rest_route=\/wp\/v2\/posts\/10944\/revisions\/10945"}],"wp:attachment":[{"href":"https:\/\/www.toque-musicall.com\/index.php?rest_route=%2Fwp%2Fv2%2Fmedia&parent=10944"}],"wp:term":[{"taxonomy":"category","embeddable":true,"href":"https:\/\/www.toque-musicall.com\/index.php?rest_route=%2Fwp%2Fv2%2Fcategories&post=10944"},{"taxonomy":"post_tag","embeddable":true,"href":"https:\/\/www.toque-musicall.com\/index.php?rest_route=%2Fwp%2Fv2%2Ftags&post=10944"}],"curies":[{"name":"wp","href":"https:\/\/api.w.org\/{rel}","templated":true}]}}