{"id":10952,"date":"2025-01-17T20:41:23","date_gmt":"2025-01-17T23:41:23","guid":{"rendered":"https:\/\/www.toque-musicall.com\/?p=10952"},"modified":"2025-02-04T20:45:04","modified_gmt":"2025-02-04T23:45:04","slug":"quarteto-004-retrato-em-branco-e-preto-1968","status":"publish","type":"post","link":"https:\/\/www.toque-musicall.com\/?p=10952","title":{"rendered":"Quarteto 004 &#8211; Retrato Em Branco E Preto (1968)\u00a0"},"content":{"rendered":"\n<figure class=\"wp-block-image size-large\"><img decoding=\"async\" src=\"https:\/\/blogger.googleusercontent.com\/img\/b\/R29vZ2xl\/AVvXsEgpSHGnSA7dP9TG4OHl1ktndDLnEKgRIjPCEc29OamnlQlUDZ-8mITLV9kTHoyYi0mif-X1_jpTfX6pA8BWf9-Qo-eD9XP-p2AyPBiwAdrXWfelw1r7wgZGE_akSYbQNQaUpzkrEhwPy6biLpYZTzmRvGsWloF-EtuIoOirMWRbP43Gj6yAlpUOVmAZm0qv\/w638-h640\/Capturar.JPG\" alt=\"\"\/><\/figure>\n\n\n\n<figure class=\"wp-block-image size-large\"><img decoding=\"async\" src=\"https:\/\/blogger.googleusercontent.com\/img\/b\/R29vZ2xl\/AVvXsEhZMtjlt4F4yLrz2cL-soaM0EvO0ECqz-YNglJeSZ12mdQAiBIuml5agnsHAY7uMzMYeDg3BNXhy-KZuk5mYEMaaMQLvJTat19FzJLxfveXEWEfDINt4PPv9f5REvvfaNBTlkW-gQ0Nqd5w82Dr3jQCwr84wGXqF-lOurqspAxpkwoeuEANKw_SzbKxZeDT\/w640-h638\/Capturarb.JPG\" alt=\"\"\/><\/figure>\n\n\n<div class=\"separator\">Se havia ainda a vontade de ouvir este lp, como falamos certa vez, quando ent\u00e3o postamos o compacto deste disco, hoje, finalmente temso ele aqui no Toque Musical. Um disco bem bacana do quarteto vocal 004, com participa\u00e7\u00e3o mais que especial de Tom Jobim e tamb\u00e9m Eumir Deodato, Ugo Marotta, Waltel Branco e Edino Krieger. Este foi o \u00fanico lp gravado pelo grupo, embora tenha participado de diversos outros discos e tamb\u00e9m compactos nos anos 60. Este lp \u00e9, sem d\u00favida, uma dessas ratidades que j\u00e1 n\u00e3o se encontra f\u00e1cil para adquirir.<\/div>\n<div class=\"separator\">\u00a0<\/div>\n<div class=\"separator\">retrato em branco e preto<\/div>\n<div class=\"separator\">bom tempo<\/div>\n<div class=\"separator\">can\u00e7\u00e3o do encontro<\/div>\n<div class=\"separator\">\u00e9 tarde<\/div>\n<div class=\"separator\">viagem<\/div>\n<div class=\"separator\">fuga e antifuga<\/div>\n<div class=\"separator\">vou te contar<\/div>\n<div class=\"separator\">samba do perd\u00e3o<\/div>\n<div class=\"separator\">saudade demais<\/div>\n<div class=\"separator\">feitio de ora\u00e7\u00e3o<\/div>\n<div class=\"separator\">mo\u00e7a<\/div>\n<div class=\"separator\">quem diz sabe<\/div>\n<div class=\"separator\">\u00a0<\/div>\n<div class=\"separator\">\u00a0<\/div>\n<div class=\"separator\">\u00a0<\/div>","protected":false},"excerpt":{"rendered":"<p>Se havia ainda a vontade de ouvir este lp, como falamos certa vez, quando ent\u00e3o postamos o compacto deste disco, hoje, finalmente temso ele aqui no Toque Musical. Um disco bem bacana do quarteto vocal 004, com participa\u00e7\u00e3o mais que &hellip; <a href=\"https:\/\/www.toque-musicall.com\/?p=10952\">Continue lendo <span class=\"meta-nav\">&rarr;<\/span><\/a><\/p>\n","protected":false},"author":1,"featured_media":0,"comment_status":"closed","ping_status":"closed","sticky":false,"template":"","format":"standard","meta":{"footnotes":""},"categories":[1],"tags":[3366,5633],"class_list":["post-10952","post","type-post","status-publish","format-standard","hentry","category-sem-categoria","tag-quarteto-004","tag-selo-codil"],"_links":{"self":[{"href":"https:\/\/www.toque-musicall.com\/index.php?rest_route=\/wp\/v2\/posts\/10952","targetHints":{"allow":["GET"]}}],"collection":[{"href":"https:\/\/www.toque-musicall.com\/index.php?rest_route=\/wp\/v2\/posts"}],"about":[{"href":"https:\/\/www.toque-musicall.com\/index.php?rest_route=\/wp\/v2\/types\/post"}],"author":[{"embeddable":true,"href":"https:\/\/www.toque-musicall.com\/index.php?rest_route=\/wp\/v2\/users\/1"}],"replies":[{"embeddable":true,"href":"https:\/\/www.toque-musicall.com\/index.php?rest_route=%2Fwp%2Fv2%2Fcomments&post=10952"}],"version-history":[{"count":1,"href":"https:\/\/www.toque-musicall.com\/index.php?rest_route=\/wp\/v2\/posts\/10952\/revisions"}],"predecessor-version":[{"id":10953,"href":"https:\/\/www.toque-musicall.com\/index.php?rest_route=\/wp\/v2\/posts\/10952\/revisions\/10953"}],"wp:attachment":[{"href":"https:\/\/www.toque-musicall.com\/index.php?rest_route=%2Fwp%2Fv2%2Fmedia&parent=10952"}],"wp:term":[{"taxonomy":"category","embeddable":true,"href":"https:\/\/www.toque-musicall.com\/index.php?rest_route=%2Fwp%2Fv2%2Fcategories&post=10952"},{"taxonomy":"post_tag","embeddable":true,"href":"https:\/\/www.toque-musicall.com\/index.php?rest_route=%2Fwp%2Fv2%2Ftags&post=10952"}],"curies":[{"name":"wp","href":"https:\/\/api.w.org\/{rel}","templated":true}]}}