{"id":10954,"date":"2025-01-18T20:01:36","date_gmt":"2025-01-18T23:01:36","guid":{"rendered":"https:\/\/www.toque-musicall.com\/?p=10954"},"modified":"2025-02-06T20:03:48","modified_gmt":"2025-02-06T23:03:48","slug":"odair-jose-o-filho-de-jose-e-maria-1977","status":"publish","type":"post","link":"https:\/\/www.toque-musicall.com\/?p=10954","title":{"rendered":"Odair Jos\u00e9 &#8211; O Filho De Jos\u00e9 E Maria (1977)"},"content":{"rendered":"\n<figure class=\"wp-block-image size-large\"><img decoding=\"async\" src=\"https:\/\/blogger.googleusercontent.com\/img\/b\/R29vZ2xl\/AVvXsEi-_8j-6gO4bDdKn6NbOJSMYWu97qjenL1E5aWX5UhcfPSmkUn5bffS5ZDh9exFzh9IZ8PlgPQvfYjaXNjoGCfJsuCVeFyZlTeIqXloaEXmyY9ZbmtDkPNNy06YVx7N1Up7_Urhb5ejSKav-mXVfkLoXF8StkdbYwD1k0xBjyH11LNQ46S8V3ilrWB1WxSC\/w638-h640\/Capturar.JPG\" alt=\"\"\/><\/figure>\n\n\n\n<figure class=\"wp-block-image size-large\"><img decoding=\"async\" src=\"https:\/\/blogger.googleusercontent.com\/img\/b\/R29vZ2xl\/AVvXsEiVHcISYoMlhJ4gjIrzRIeIgtTqRHn1gIFBbDZ83tnvtNk23fCAlFXpBUDYj5yGGzzcfYD3BBGzEjXRJLazsTcsjF0vVFcMWOsmtdZ_ZD4FZFch5B3alc5AafrtVgFCrFficRLUw2wswteEAhpRTg_b7zlVsPhCPRaJMtf_8lCRclPAtK1kKD9gyTPPSqem\/w640-h640\/Capturarb.JPG\" alt=\"\"\/><\/figure>\n\n\n<div class=\"separator\">Eis que hoje apresentamos um lp que h\u00e1 tempos j\u00e1 devia ter sido postado, mas por diferentes raz\u00f5es acabou ficando para hoje. Aqui temos Odair Jos\u00e9, cantor e compositor que fez muito sucesso nos anos 70, dentro de uma linha rom\u00e2ntico-popular, tamb\u00e9m chamada brega. Odair Jos\u00e9 \u00e9 autor de p\u00e9rolas como &#8220;Vou tirar voc\u00ea desse lugar&#8221;, &#8220;Pare de tomar a p\u00edrula&#8221;, &#8220;Cad\u00ea voc\u00ea&#8221; e outras mais. Sucessos que marcaram sua carreira e tamb\u00e9m o seu p\u00fablico. Por\u00e9m, em 1977 ele faz um disco totalmente fora do seu comum, um trabalho que de uma certa forma lhe deu dor de cabe\u00e7a, para n\u00e3o dizer mais&#8230; &#8220;O Filho de Jos\u00e9 e Maria&#8221;, uma cria\u00e7\u00e3o ousada, com um tema espec\u00edfico que faz cada faixa ser uma sequencia de grande hist\u00f3ria. O projeto inicial de Odair era para um disco duplo, com 24 musicas. A proposta do \u00e1lbum era para a Philips que recusou. Acabou ent\u00e3o sa\u00edndo pela RCA Victor, mas como um disco simples, o que de certa forma picotou a obra, ficando de fora mais da metade das m\u00fasicas. Ainda assim o disco foi lan\u00e7ado e para quem leu a ficha t\u00e9cnica na contracapa, v\u00ea-se logo que \u00e9 algo diferente e acima de tudo de qualidade, com um time de m\u00fasicos de primeir\u00edssima (o Azymuth).S\u00f3 que naquela \u00e9poca n\u00e3o, o disco foi um grande fracasso, pois al\u00e9m de tir\u00e1-lo do p\u00fablico popular rom\u00e2ntico, tamb\u00e9m ati\u00e7ou a Igreja Cat\u00f3lica por conta do tema que remete a hist\u00f3ria de Cristo no mundo atual. Uma vis\u00e3o crist\u00e3 que ia contra ao que pregava a Igreja. Acabou sendo excomungado e tamb\u00e9m por conta disso, viu em decl\u00ednio sua carreira. Por\u00e9m, justi\u00e7a seja feita,muitos anos depois, o lp foi redescoberto, virou coisa ainda mais rara e mereceu uma reedi\u00e7\u00e3o h\u00e1 poucos anos atr\u00e1s. Se tornou uma obra &#8216;cult&#8217;, nas discotecas de colecionadores de vinil.<\/div>\n<div class=\"separator\">\u00a0<\/div>\n<div class=\"separator\">nunca mais<\/div>\n<div class=\"separator\">n\u00e3o me venda grilos (por direito)<\/div>\n<div class=\"separator\">s\u00f3 pra mim, pra mais ningu\u00e9m<\/div>\n<div class=\"separator\">\u00e9 assim<\/div>\n<div class=\"separator\">fora da realidade<\/div>\n<div class=\"separator\">o casamento<\/div>\n<div class=\"separator\">o filho de maria e jos\u00e9<\/div>\n<div class=\"separator\">o sonho terminou<\/div>\n<div class=\"separator\">de volta as verdadeiras origens<\/div>\n<div class=\"separator\">que loucura<\/div>\n<div class=\"separator\">\u00a0<\/div>\n<div class=\"separator\">\u00a0<\/div>\n<div class=\"separator\">.<\/div>\n<div class=\"separator\">\u00a0<\/div>\n<p>\u00a0<\/p>\n<div class=\"separator\">\u00a0<\/div>","protected":false},"excerpt":{"rendered":"<p>Eis que hoje apresentamos um lp que h\u00e1 tempos j\u00e1 devia ter sido postado, mas por diferentes raz\u00f5es acabou ficando para hoje. Aqui temos Odair Jos\u00e9, cantor e compositor que fez muito sucesso nos anos 70, dentro de uma linha &hellip; <a href=\"https:\/\/www.toque-musicall.com\/?p=10954\">Continue lendo <span class=\"meta-nav\">&rarr;<\/span><\/a><\/p>\n","protected":false},"author":1,"featured_media":0,"comment_status":"closed","ping_status":"closed","sticky":false,"template":"","format":"standard","meta":{"footnotes":""},"categories":[1],"tags":[5874,3061],"class_list":["post-10954","post","type-post","status-publish","format-standard","hentry","category-sem-categoria","tag-odair-jose","tag-selo-rca-victor"],"_links":{"self":[{"href":"https:\/\/www.toque-musicall.com\/index.php?rest_route=\/wp\/v2\/posts\/10954","targetHints":{"allow":["GET"]}}],"collection":[{"href":"https:\/\/www.toque-musicall.com\/index.php?rest_route=\/wp\/v2\/posts"}],"about":[{"href":"https:\/\/www.toque-musicall.com\/index.php?rest_route=\/wp\/v2\/types\/post"}],"author":[{"embeddable":true,"href":"https:\/\/www.toque-musicall.com\/index.php?rest_route=\/wp\/v2\/users\/1"}],"replies":[{"embeddable":true,"href":"https:\/\/www.toque-musicall.com\/index.php?rest_route=%2Fwp%2Fv2%2Fcomments&post=10954"}],"version-history":[{"count":2,"href":"https:\/\/www.toque-musicall.com\/index.php?rest_route=\/wp\/v2\/posts\/10954\/revisions"}],"predecessor-version":[{"id":10956,"href":"https:\/\/www.toque-musicall.com\/index.php?rest_route=\/wp\/v2\/posts\/10954\/revisions\/10956"}],"wp:attachment":[{"href":"https:\/\/www.toque-musicall.com\/index.php?rest_route=%2Fwp%2Fv2%2Fmedia&parent=10954"}],"wp:term":[{"taxonomy":"category","embeddable":true,"href":"https:\/\/www.toque-musicall.com\/index.php?rest_route=%2Fwp%2Fv2%2Fcategories&post=10954"},{"taxonomy":"post_tag","embeddable":true,"href":"https:\/\/www.toque-musicall.com\/index.php?rest_route=%2Fwp%2Fv2%2Ftags&post=10954"}],"curies":[{"name":"wp","href":"https:\/\/api.w.org\/{rel}","templated":true}]}}