{"id":10957,"date":"2025-01-19T21:27:27","date_gmt":"2025-01-20T00:27:27","guid":{"rendered":"https:\/\/www.toque-musicall.com\/?p=10957"},"modified":"2025-02-09T21:29:34","modified_gmt":"2025-02-10T00:29:34","slug":"familia-jobim-amazonas-1991","status":"publish","type":"post","link":"https:\/\/www.toque-musicall.com\/?p=10957","title":{"rendered":"Familia Jobim &#8211; Amazonas (1991)"},"content":{"rendered":"\n<figure class=\"wp-block-image size-large\"><img decoding=\"async\" src=\"https:\/\/blogger.googleusercontent.com\/img\/b\/R29vZ2xl\/AVvXsEjvmw9Xt8GYYz00LPEg_08erhmMWA2tDoX3W6uOq9qDb3VXyFm1-w9PIY1S5jiatImrjOoCG3IhescTx6Ubh-08hessWJM-cD3Q8L54V4wshHrxz8kO6vtBQQvSZ_8IMoPeBBXfSxWyZokwzj2OAkwwlN-8xCzcD3r__iZ143JmfyBsTkeGoVPg45lstvGG\/w640-h640\/Capturar.JPG\" alt=\"\"\/><\/figure>\n\n\n\n<figure class=\"wp-block-image size-large\"><img decoding=\"async\" src=\"https:\/\/blogger.googleusercontent.com\/img\/b\/R29vZ2xl\/AVvXsEhD7-GbkQU_Is5Tf7u26-ICXyuH4f50RjKgQP6EvA-75DG0S_H5Y-Gz3wrHcmjfQsBAsFh2VR7qS6klk1PK7d2gOsdWvrRgdl1AprUSkwXnwKR6mntm2BHosFbotso4bzg59cMod2DdveJIG3PV1iJ4juzhU3i7QSjqOGoQh3IUZEpjj7FfH36QenBZyqxM\/w640-h630\/Capturarb.JPG\" alt=\"\"\/><\/figure>\n\n\n<div class=\"article-content entry-content\">\n<div class=\"separator\">Seguimos aqui em nossas postagens trazendo desta vez este excelente \u00e1lbum, &#8220;Amazonas&#8221;, do grupo Fam\u00edlia Jobim, lan\u00e7ado em 1989 pelo selo Som Livre. Fam\u00edlia Jobim era um grupo formado por artistas e m\u00fasicos encabe\u00e7ados por Paulo Jobim e Jacques Morelenbaum. As m\u00fasicas s\u00e3o todas de Tom Jobim, assim como os arranjos. &#8220;Amazonas&#8221; foi lan\u00e7ado tamb\u00e9m em Portugal, em reedi\u00e7\u00e3o e com o t\u00edtulo de &#8220;Nova Banda&#8221; e com as m\u00fasicas em outra ordem.<\/div>\n<div class=\"separator\">\u00a0<\/div>\n<div class=\"separator\">sabi\u00e1<\/div>\n<div class=\"separator\">pato preto<\/div>\n<div class=\"separator\">o boto<\/div>\n<div class=\"separator\">correntenza<\/div>\n<div class=\"separator\">estrada do sol<\/div>\n<div class=\"separator\">matita per\u00ea<\/div>\n<div class=\"separator\">aguas de mar\u00e7o<\/div>\n<div class=\"separator\">borzeguim<\/div>\n<div class=\"separator\">chovendo na roseira<\/div>\n<div class=\"separator\">passarim<\/div>\n<div class=\"separator\">\u00a0<\/div>\n<div class=\"separator\">\u00a0<\/div>\n<div class=\"separator\">.<\/div>\n\u00a0\n<p>&nbsp;<\/p>\n<\/div>\n<div class=\"article-footer\">\u00a0<\/div>","protected":false},"excerpt":{"rendered":"<p>Seguimos aqui em nossas postagens trazendo desta vez este excelente \u00e1lbum, &#8220;Amazonas&#8221;, do grupo Fam\u00edlia Jobim, lan\u00e7ado em 1989 pelo selo Som Livre. Fam\u00edlia Jobim era um grupo formado por artistas e m\u00fasicos encabe\u00e7ados por Paulo Jobim e Jacques Morelenbaum. &hellip; <a href=\"https:\/\/www.toque-musicall.com\/?p=10957\">Continue lendo <span class=\"meta-nav\">&rarr;<\/span><\/a><\/p>\n","protected":false},"author":1,"featured_media":0,"comment_status":"closed","ping_status":"closed","sticky":false,"template":"","format":"standard","meta":{"footnotes":""},"categories":[1],"tags":[5875,3037],"class_list":["post-10957","post","type-post","status-publish","format-standard","hentry","category-sem-categoria","tag-familia-jobim","tag-selo-som-livre"],"_links":{"self":[{"href":"https:\/\/www.toque-musicall.com\/index.php?rest_route=\/wp\/v2\/posts\/10957","targetHints":{"allow":["GET"]}}],"collection":[{"href":"https:\/\/www.toque-musicall.com\/index.php?rest_route=\/wp\/v2\/posts"}],"about":[{"href":"https:\/\/www.toque-musicall.com\/index.php?rest_route=\/wp\/v2\/types\/post"}],"author":[{"embeddable":true,"href":"https:\/\/www.toque-musicall.com\/index.php?rest_route=\/wp\/v2\/users\/1"}],"replies":[{"embeddable":true,"href":"https:\/\/www.toque-musicall.com\/index.php?rest_route=%2Fwp%2Fv2%2Fcomments&post=10957"}],"version-history":[{"count":1,"href":"https:\/\/www.toque-musicall.com\/index.php?rest_route=\/wp\/v2\/posts\/10957\/revisions"}],"predecessor-version":[{"id":10958,"href":"https:\/\/www.toque-musicall.com\/index.php?rest_route=\/wp\/v2\/posts\/10957\/revisions\/10958"}],"wp:attachment":[{"href":"https:\/\/www.toque-musicall.com\/index.php?rest_route=%2Fwp%2Fv2%2Fmedia&parent=10957"}],"wp:term":[{"taxonomy":"category","embeddable":true,"href":"https:\/\/www.toque-musicall.com\/index.php?rest_route=%2Fwp%2Fv2%2Fcategories&post=10957"},{"taxonomy":"post_tag","embeddable":true,"href":"https:\/\/www.toque-musicall.com\/index.php?rest_route=%2Fwp%2Fv2%2Ftags&post=10957"}],"curies":[{"name":"wp","href":"https:\/\/api.w.org\/{rel}","templated":true}]}}