{"id":10961,"date":"2025-01-21T21:54:43","date_gmt":"2025-01-22T00:54:43","guid":{"rendered":"https:\/\/www.toque-musicall.com\/?p=10961"},"modified":"2025-02-15T21:56:50","modified_gmt":"2025-02-16T00:56:50","slug":"helena-de-lima-a-voz-e-o-sorriso-1961","status":"publish","type":"post","link":"https:\/\/www.toque-musicall.com\/?p=10961","title":{"rendered":"Helena De Lima &#8211; A Voz E O Sorriso (1961)"},"content":{"rendered":"\n<figure class=\"wp-block-image size-large\"><img decoding=\"async\" src=\"https:\/\/blogger.googleusercontent.com\/img\/b\/R29vZ2xl\/AVvXsEjscGazgeiEaxkDB6MuxCr9T7R6XFLOB3FWaGvkJIz1ILbdKMcYOl7c8d10xad9hUCiH7jdgQosB3wtS4VPxzOz9EYNS4UHwpuoQXBQJ3mNLbybKDgu9_7UaJgyDrjxA4R0fmZlLcp3EtAigeqlECvWWJBzs7RtLFYNZH9bvPhVJlnzcm5NEzIHbgsSpYZ1\/w638-h640\/Capturar.JPG\" alt=\"\"\/><\/figure>\n\n\n\n<figure class=\"wp-block-image size-large\"><img decoding=\"async\" src=\"https:\/\/blogger.googleusercontent.com\/img\/b\/R29vZ2xl\/AVvXsEj0GzDhIPvJZnONThrkVLVThfvQ89WnNd7Ub87ypcTF3LjGyOJNeAQY2kTKz_rUnIma-JNDsu6iAG5bFbH3_o5jxQwTWMsbvgVcRN0VYncfonTPeezNcl9kEkvHpDlJeFSe3FvrXdtngKklQnaZJ_QY1MzNSxjUxbcZGaKKF3GmRFA98u3iks05nuzGF_Qj\/w640-h640\/Capturarb.JPG\" alt=\"\"\/><\/figure>\n\n\n<div class=\"separator\">Novamente, estamos trazendo a grande cantora Helena de Lima, uma artista j\u00e1 bem apresentada aqui atrav\u00e9s de seus discos. E aqui, mais uma vez temos ela neste lp lan\u00e7ado pela RGE Ela j\u00e1 havia gravado dois 78 rpm pela mesma gravadora e no mesmo ano de 61 veio este, &#8220;A Voz e o Sorriso&#8221;, garantindo ainda mais o momento da cantora que era sucesso na noite. Aqui, temos um repert\u00f3rio da melhor qualidade de sambas, com arranjos e dire\u00e7\u00e3o dos maestros Nelsinho e Pocho.<\/div>\n<div>\u00a0<\/div>\n<div>de agosto a setembro<\/div>\n<div>vem outra vez<\/div>\n<div>not\u00edcia de jornal<\/div>\n<div>ouve meu amor<\/div>\n<div>perdoa meu bem<\/div>\n<div>saudade diferente<\/div>\n<div>vestida de adeus<\/div>\n<div>amanh\u00e3 voc\u00ea dir\u00e1<\/div>\n<div>eu s\u00f3 sou eu<\/div>\n<div>ainda bem<\/div>\n<div>can\u00e7\u00e3o de amor<\/div>\n<div>pergunte a voc\u00ea<\/div>\n<div>\u00a0<\/div>\n<div>\u00a0<\/div>\n<div>.<\/div>","protected":false},"excerpt":{"rendered":"<p>Novamente, estamos trazendo a grande cantora Helena de Lima, uma artista j\u00e1 bem apresentada aqui atrav\u00e9s de seus discos. E aqui, mais uma vez temos ela neste lp lan\u00e7ado pela RGE Ela j\u00e1 havia gravado dois 78 rpm pela mesma &hellip; <a href=\"https:\/\/www.toque-musicall.com\/?p=10961\">Continue lendo <span class=\"meta-nav\">&rarr;<\/span><\/a><\/p>\n","protected":false},"author":1,"featured_media":0,"comment_status":"closed","ping_status":"closed","sticky":false,"template":"","format":"standard","meta":{"footnotes":""},"categories":[1],"tags":[5876,3091],"class_list":["post-10961","post","type-post","status-publish","format-standard","hentry","category-sem-categoria","tag-helana-de-lima","tag-selo-rge"],"_links":{"self":[{"href":"https:\/\/www.toque-musicall.com\/index.php?rest_route=\/wp\/v2\/posts\/10961","targetHints":{"allow":["GET"]}}],"collection":[{"href":"https:\/\/www.toque-musicall.com\/index.php?rest_route=\/wp\/v2\/posts"}],"about":[{"href":"https:\/\/www.toque-musicall.com\/index.php?rest_route=\/wp\/v2\/types\/post"}],"author":[{"embeddable":true,"href":"https:\/\/www.toque-musicall.com\/index.php?rest_route=\/wp\/v2\/users\/1"}],"replies":[{"embeddable":true,"href":"https:\/\/www.toque-musicall.com\/index.php?rest_route=%2Fwp%2Fv2%2Fcomments&post=10961"}],"version-history":[{"count":1,"href":"https:\/\/www.toque-musicall.com\/index.php?rest_route=\/wp\/v2\/posts\/10961\/revisions"}],"predecessor-version":[{"id":10962,"href":"https:\/\/www.toque-musicall.com\/index.php?rest_route=\/wp\/v2\/posts\/10961\/revisions\/10962"}],"wp:attachment":[{"href":"https:\/\/www.toque-musicall.com\/index.php?rest_route=%2Fwp%2Fv2%2Fmedia&parent=10961"}],"wp:term":[{"taxonomy":"category","embeddable":true,"href":"https:\/\/www.toque-musicall.com\/index.php?rest_route=%2Fwp%2Fv2%2Fcategories&post=10961"},{"taxonomy":"post_tag","embeddable":true,"href":"https:\/\/www.toque-musicall.com\/index.php?rest_route=%2Fwp%2Fv2%2Ftags&post=10961"}],"curies":[{"name":"wp","href":"https:\/\/api.w.org\/{rel}","templated":true}]}}