{"id":10972,"date":"2025-01-27T20:48:10","date_gmt":"2025-01-27T23:48:10","guid":{"rendered":"https:\/\/www.toque-musicall.com\/?p=10972"},"modified":"2025-02-24T20:50:19","modified_gmt":"2025-02-24T23:50:19","slug":"sergio-sampaio-compacto-1974","status":"publish","type":"post","link":"https:\/\/www.toque-musicall.com\/?p=10972","title":{"rendered":"S\u00e9rgio Sampaio &#8211; Compacto (1974)"},"content":{"rendered":"\n<figure class=\"wp-block-image size-large\"><img decoding=\"async\" src=\"https:\/\/blogger.googleusercontent.com\/img\/b\/R29vZ2xl\/AVvXsEjwRw__y6zKN8f3il_p7MOAfeZWeAOH0UJukN4aLQUr7KgR_q9Cp_DcBVixCyvxbvih8Ndk23XGvy7ig95S47z6YmbXn2DvrgyF8PxPrNce8PmJqGMc2BPmpOc-EzOBeJbhx2461hZE8m2Svo-Sa3Yd8PFNL5bMO9fePDdR8tNiKhCLEWLz1SUaRskoyNYX\/w630-h640\/R-5598455-1635693312-3665.jpg\" alt=\"\"\/><\/figure>\n\n\n\n<figure class=\"wp-block-image size-large\"><img decoding=\"async\" src=\"https:\/\/blogger.googleusercontent.com\/img\/b\/R29vZ2xl\/AVvXsEisCAyZzmgLM9QJeTxZOg12_5UJTc5EFG_MCmfupT73WYa-2pfRm4xH4bBG4FQgPlbaWWZBJVFOYCi2hqmzwHHII6ri4UsmkVwr07rWqRklEcW6GlmI8_YMTP4gf3AmBNdm7f5HKYOVDXWdiL0X1-rm4VMU6TYVAsCkLS4g9aCTwyopve2uhiaYGk66Ztdo\/w636-h640\/R-5598455-1635693313-4421.jpg\" alt=\"\"\/><\/figure>\n\n\n<div class=\"separator\">Um disquinho que sempre faltou por aqui. Ali\u00e1s, uma promessa, um pedido que at\u00e9 ent\u00e3o n\u00e3o se concretizou: S\u00e9rgio Sampaio em um dos seus raros compactos, este de 1974, lan\u00e7ado pelo selo Philips. Trata-se de um compacto simples, com apenas duas m\u00fasicas, com destaque para &#8220;Meu pobre blues&#8221;, uma can\u00e7\u00e3o que, por ironia ou n\u00e3o, o Roberto Carlos precisava ter gravado. Mas, parece que o &#8216;rei&#8217; n\u00e3o deu muita bola, preferindo cada dia mais ficar no seu repert\u00f3rio &#8216;arroz com feij\u00e3o&#8217; ou &#8216;baba-cueca&#8217;. O tempo passou,, j\u00e1 n\u00e3o cabe mais ao Roberto Carlos cantar essa can\u00e7\u00e3o. Por estranheza, creio que apenas a Zizi Possi e o pr\u00f3prio S\u00e9rgio gravaram este blues. Uma pena, ou muito bom que seja assim<\/div>\n<div class=\"separator\">\u00a0<\/div>\n<div class=\"separator\">meu pobre blues<\/div>\n<div class=\"separator\">foi ela<\/div>\n<div class=\"separator\">\u00a0<\/div>\n<div class=\"separator\">\u00a0<\/div>\n<div class=\"separator\">.<\/div>","protected":false},"excerpt":{"rendered":"<p>Um disquinho que sempre faltou por aqui. Ali\u00e1s, uma promessa, um pedido que at\u00e9 ent\u00e3o n\u00e3o se concretizou: S\u00e9rgio Sampaio em um dos seus raros compactos, este de 1974, lan\u00e7ado pelo selo Philips. Trata-se de um compacto simples, com apenas &hellip; <a href=\"https:\/\/www.toque-musicall.com\/?p=10972\">Continue lendo <span class=\"meta-nav\">&rarr;<\/span><\/a><\/p>\n","protected":false},"author":1,"featured_media":0,"comment_status":"closed","ping_status":"closed","sticky":false,"template":"","format":"standard","meta":{"footnotes":""},"categories":[1],"tags":[3072,3012,5880],"class_list":["post-10972","post","type-post","status-publish","format-standard","hentry","category-sem-categoria","tag-compactos","tag-selo-philips","tag-sergio-sampaio"],"_links":{"self":[{"href":"https:\/\/www.toque-musicall.com\/index.php?rest_route=\/wp\/v2\/posts\/10972","targetHints":{"allow":["GET"]}}],"collection":[{"href":"https:\/\/www.toque-musicall.com\/index.php?rest_route=\/wp\/v2\/posts"}],"about":[{"href":"https:\/\/www.toque-musicall.com\/index.php?rest_route=\/wp\/v2\/types\/post"}],"author":[{"embeddable":true,"href":"https:\/\/www.toque-musicall.com\/index.php?rest_route=\/wp\/v2\/users\/1"}],"replies":[{"embeddable":true,"href":"https:\/\/www.toque-musicall.com\/index.php?rest_route=%2Fwp%2Fv2%2Fcomments&post=10972"}],"version-history":[{"count":1,"href":"https:\/\/www.toque-musicall.com\/index.php?rest_route=\/wp\/v2\/posts\/10972\/revisions"}],"predecessor-version":[{"id":10973,"href":"https:\/\/www.toque-musicall.com\/index.php?rest_route=\/wp\/v2\/posts\/10972\/revisions\/10973"}],"wp:attachment":[{"href":"https:\/\/www.toque-musicall.com\/index.php?rest_route=%2Fwp%2Fv2%2Fmedia&parent=10972"}],"wp:term":[{"taxonomy":"category","embeddable":true,"href":"https:\/\/www.toque-musicall.com\/index.php?rest_route=%2Fwp%2Fv2%2Fcategories&post=10972"},{"taxonomy":"post_tag","embeddable":true,"href":"https:\/\/www.toque-musicall.com\/index.php?rest_route=%2Fwp%2Fv2%2Ftags&post=10972"}],"curies":[{"name":"wp","href":"https:\/\/api.w.org\/{rel}","templated":true}]}}