{"id":10974,"date":"2025-01-28T20:51:56","date_gmt":"2025-01-28T23:51:56","guid":{"rendered":"https:\/\/www.toque-musicall.com\/?p=10974"},"modified":"2025-02-24T20:53:49","modified_gmt":"2025-02-24T23:53:49","slug":"faiska-nevoeiro-1990","status":"publish","type":"post","link":"https:\/\/www.toque-musicall.com\/?p=10974","title":{"rendered":"Faiska &#8211; Nevoeiro (1990)"},"content":{"rendered":"\n<figure class=\"wp-block-image size-large\"><img decoding=\"async\" src=\"https:\/\/blogger.googleusercontent.com\/img\/b\/R29vZ2xl\/AVvXsEik-LDQgMsc2cT4CdzkRKeJAZN9hx38DMq_4Srmk90obQntpGZ8FaN0tiVoOVjrA_SbpmVwbMZYzuu9c8X7R2m4q_j6ClBPxuGZstAzSlCpCKCT9Z33Z6ig9HbXUH6-piI81lSbUwPGJfDHjzlj8ls0Mpp0YR87nZsjg4N7lhGnyEhVZ2rVYlucMWW-Q4ua\/w640-h640\/R-6354753-1417202037-9633.jpg\" alt=\"\"\/><\/figure>\n\n\n\n<figure class=\"wp-block-image size-large\"><img decoding=\"async\" src=\"https:\/\/blogger.googleusercontent.com\/img\/b\/R29vZ2xl\/AVvXsEgMv9vk8Twyt8Yu1en0RlcksgTeSOxUeOTTjgbpkt7KJn_tX0UAo05WdL6PdE-9xy7ivB0Cy8jwChL8HRFhL26P83pDnr5b4B1c4F8SoG4SO7A5spZxXlSpkupILQW4kZOO0mN_umdM7_8DgLD9Uu5Fo7ZKK0rbAE4UfvGLfl9Pk1N2a64RMCNmsYrLLZne\/w640-h640\/R-6354753-1417202036-1135.jpg\" alt=\"\"\/><\/figure>\n\n\n<div class=\"separator\">Seguindo em nossas postagens, temos agora &#8220;Nevoeiro&#8221;, primeiro disco do guitarrista paulista Faiska, um dos mais requisitados m\u00fasicos, atuando em diferentes frentes de grava\u00e7\u00f5es e com os mais diferntes artistas da m\u00fasica brasileira. Este \u00e1lbum, lan\u00e7ado de maneira independente \u00e9 o que se pode chamar de um pequeno mostru\u00e1rio de versatilidades onde o m\u00fasico demonstra suas proesas em um trabalho essencialmente voltado para o instrumental. Muito bom,<\/div>\n<div class=\"separator\">\u00a0<\/div>\n<div class=\"separator\">nevoiero<\/div>\n<div class=\"separator\">funk blues<\/div>\n<div class=\"separator\">rita<\/div>\n<div class=\"separator\">dreg&#8217;s<\/div>\n<div class=\"separator\">a.h.<\/div>\n<div class=\"separator\">arame farpado<\/div>\n<div class=\"separator\">i.g.t.<\/div>\n<div class=\"separator\">\u00a0<\/div>\n<div class=\"separator\">\u00a0<\/div>","protected":false},"excerpt":{"rendered":"<p>Seguindo em nossas postagens, temos agora &#8220;Nevoeiro&#8221;, primeiro disco do guitarrista paulista Faiska, um dos mais requisitados m\u00fasicos, atuando em diferentes frentes de grava\u00e7\u00f5es e com os mais diferntes artistas da m\u00fasica brasileira. Este \u00e1lbum, lan\u00e7ado de maneira independente \u00e9 &hellip; <a href=\"https:\/\/www.toque-musicall.com\/?p=10974\">Continue lendo <span class=\"meta-nav\">&rarr;<\/span><\/a><\/p>\n","protected":false},"author":1,"featured_media":0,"comment_status":"closed","ping_status":"closed","sticky":false,"template":"","format":"standard","meta":{"footnotes":""},"categories":[1],"tags":[5881,3017,5882],"class_list":["post-10974","post","type-post","status-publish","format-standard","hentry","category-sem-categoria","tag-faiska","tag-selo-independente","tag-selo-ric-stiudio"],"_links":{"self":[{"href":"https:\/\/www.toque-musicall.com\/index.php?rest_route=\/wp\/v2\/posts\/10974","targetHints":{"allow":["GET"]}}],"collection":[{"href":"https:\/\/www.toque-musicall.com\/index.php?rest_route=\/wp\/v2\/posts"}],"about":[{"href":"https:\/\/www.toque-musicall.com\/index.php?rest_route=\/wp\/v2\/types\/post"}],"author":[{"embeddable":true,"href":"https:\/\/www.toque-musicall.com\/index.php?rest_route=\/wp\/v2\/users\/1"}],"replies":[{"embeddable":true,"href":"https:\/\/www.toque-musicall.com\/index.php?rest_route=%2Fwp%2Fv2%2Fcomments&post=10974"}],"version-history":[{"count":1,"href":"https:\/\/www.toque-musicall.com\/index.php?rest_route=\/wp\/v2\/posts\/10974\/revisions"}],"predecessor-version":[{"id":10975,"href":"https:\/\/www.toque-musicall.com\/index.php?rest_route=\/wp\/v2\/posts\/10974\/revisions\/10975"}],"wp:attachment":[{"href":"https:\/\/www.toque-musicall.com\/index.php?rest_route=%2Fwp%2Fv2%2Fmedia&parent=10974"}],"wp:term":[{"taxonomy":"category","embeddable":true,"href":"https:\/\/www.toque-musicall.com\/index.php?rest_route=%2Fwp%2Fv2%2Fcategories&post=10974"},{"taxonomy":"post_tag","embeddable":true,"href":"https:\/\/www.toque-musicall.com\/index.php?rest_route=%2Fwp%2Fv2%2Ftags&post=10974"}],"curies":[{"name":"wp","href":"https:\/\/api.w.org\/{rel}","templated":true}]}}