{"id":10980,"date":"2025-01-30T13:08:35","date_gmt":"2025-01-30T16:08:35","guid":{"rendered":"https:\/\/www.toque-musicall.com\/?p=10980"},"modified":"2025-03-04T13:11:15","modified_gmt":"2025-03-04T16:11:15","slug":"rick-ferreira-porta-das-maravilhas-1977","status":"publish","type":"post","link":"https:\/\/www.toque-musicall.com\/?p=10980","title":{"rendered":"Rick Ferreira &#8211; Porta Das Maravilhas (1977)"},"content":{"rendered":"\n<figure class=\"wp-block-image size-large\"><img decoding=\"async\" src=\"https:\/\/blogger.googleusercontent.com\/img\/b\/R29vZ2xl\/AVvXsEhh_W0gYvnkJOYo0GVsnfXLpQzkfY4srSQVsMwimsLolCO4cazz3PUwh_-VXO_XyhZqq1BB3j5GFUL2ZP8hSOc7Y0q0bwspNF0LcpgnMAQkcV4nAuDVJVkUMOLizoUZBE3jPcAzUPDl4maOud4HXsmDeqt5vDqVypEuTpdaOdR3uNpZy0V2LgsPLu12lnKm\/w640-h636\/rick%20ferreira%20-%20porta%20das%20maravilhas%20F.JPG\" alt=\"\"\/><\/figure>\n\n\n\n<figure class=\"wp-block-image size-large\"><img decoding=\"async\" src=\"https:\/\/blogger.googleusercontent.com\/img\/b\/R29vZ2xl\/AVvXsEhgI6FPJ7ax2AUCdOY5MBcXWioY7iWh3v1ZjnyHWZUIWwR9GWjY7Dd5LQ_ib2yScBKHm2Md8ug2pXVlKQy_QZqjakVRssosCzY-pv92uYc1U-cStUQtElwnT6ggZUmJujFfla6eV6_eit9wtpSFPr407DyShEPoTI2lsWABnYviftc3LMbhb96GaVTtfLCE\/w640-h634\/Capturarb.JPG\" alt=\"\"\/><\/figure>\n\n\n<div class=\"separator\">Aqui uma re-postagem&#8230; Em outros tempos postamos este disco do Rick Ferreira, um dos grandes guitarristas brasileiro, tamb\u00e9m compositor, m\u00fasico que sempre esteve mais no apoio, tanto em est\u00fadio quanto em shows. Acompanha, ainda hoje, os mais diversos e importantes artistas brasileiros. Se destacou como guitarrista da banda de Raul Seixas, na qual esteve presente com seus solos e acompanhamentos em v\u00e1rios discos, m\u00fasico fiel do &#8216;maluco beleza&#8217;.<\/div>\n<div class=\"separator\">Em &#8220;Porta das Maravilhas&#8221;, seu primeiro e \u00fanico lp (antes havia lan\u00e7ado um compacto) vamos encontrar um dos melhores discos lan\u00e7ados nos anos 70 e injustamente esquecido. At\u00e9 hoje, nunca foi relan\u00e7ado, ainda mais agora que tanta coisa vem sendo relan\u00e7ada. O Rick, nada&#8230; Mas est\u00e1 a\u00ed um trabalho que vale a pena conhecer. Um lp no qual participam tamb\u00e9m outros grandes m\u00fasicos. O repert\u00f3rio \u00e9 praticamente todo autoral, com destaque para &#8220;Solit\u00e1rio&#8221;, Overtreze&#8221; e &#8220;Porta das Maravilhas&#8221; (Eveline Barki e Marcio Weneck e cabe tamb\u00e9m &#8220;Todo sujo de baton&#8221; de Belchior e &#8220;Cachorro Urubu&#8221; de Raul Seixas&#8221;.\u00a0 Realmente muito bom.\u00a0<\/div>\n<div class=\"separator\">\u00a0<\/div>\n<div class=\"separator\">solit\u00e1rio<\/div>\n<div class=\"separator\">todo sujo de baton<\/div>\n<div class=\"separator\">n\u00e3 sou mais rei<\/div>\n<div class=\"separator\">carro de boi<\/div>\n<div class=\"separator\">porta das maravilhas<\/div>\n<div class=\"separator\">no fundo do po\u00e7o<\/div>\n<div class=\"separator\">overtreze<\/div>\n<div class=\"separator\">cachorro urubu<\/div>\n<div class=\"separator\">pedra da g\u00e1vea<\/div>\n<div class=\"separator\">eldorado<\/div>\n<div class=\"separator\">\u00a0<\/div>\n<div class=\"separator\">\u00a0<\/div>\n<div class=\"separator\">.<\/div>\n<div class=\"separator\">\u00a0<\/div>","protected":false},"excerpt":{"rendered":"<p>Aqui uma re-postagem&#8230; Em outros tempos postamos este disco do Rick Ferreira, um dos grandes guitarristas brasileiro, tamb\u00e9m compositor, m\u00fasico que sempre esteve mais no apoio, tanto em est\u00fadio quanto em shows. Acompanha, ainda hoje, os mais diversos e importantes &hellip; <a href=\"https:\/\/www.toque-musicall.com\/?p=10980\">Continue lendo <span class=\"meta-nav\">&rarr;<\/span><\/a><\/p>\n","protected":false},"author":1,"featured_media":0,"comment_status":"closed","ping_status":"closed","sticky":false,"template":"","format":"standard","meta":{"footnotes":""},"categories":[1],"tags":[5884,5885,3338],"class_list":["post-10980","post","type-post","status-publish","format-standard","hentry","category-sem-categoria","tag-rick","tag-rick-ferreira","tag-selo-elenco"],"_links":{"self":[{"href":"https:\/\/www.toque-musicall.com\/index.php?rest_route=\/wp\/v2\/posts\/10980","targetHints":{"allow":["GET"]}}],"collection":[{"href":"https:\/\/www.toque-musicall.com\/index.php?rest_route=\/wp\/v2\/posts"}],"about":[{"href":"https:\/\/www.toque-musicall.com\/index.php?rest_route=\/wp\/v2\/types\/post"}],"author":[{"embeddable":true,"href":"https:\/\/www.toque-musicall.com\/index.php?rest_route=\/wp\/v2\/users\/1"}],"replies":[{"embeddable":true,"href":"https:\/\/www.toque-musicall.com\/index.php?rest_route=%2Fwp%2Fv2%2Fcomments&post=10980"}],"version-history":[{"count":1,"href":"https:\/\/www.toque-musicall.com\/index.php?rest_route=\/wp\/v2\/posts\/10980\/revisions"}],"predecessor-version":[{"id":10981,"href":"https:\/\/www.toque-musicall.com\/index.php?rest_route=\/wp\/v2\/posts\/10980\/revisions\/10981"}],"wp:attachment":[{"href":"https:\/\/www.toque-musicall.com\/index.php?rest_route=%2Fwp%2Fv2%2Fmedia&parent=10980"}],"wp:term":[{"taxonomy":"category","embeddable":true,"href":"https:\/\/www.toque-musicall.com\/index.php?rest_route=%2Fwp%2Fv2%2Fcategories&post=10980"},{"taxonomy":"post_tag","embeddable":true,"href":"https:\/\/www.toque-musicall.com\/index.php?rest_route=%2Fwp%2Fv2%2Ftags&post=10980"}],"curies":[{"name":"wp","href":"https:\/\/api.w.org\/{rel}","templated":true}]}}