{"id":10984,"date":"2025-02-01T18:03:42","date_gmt":"2025-02-01T21:03:42","guid":{"rendered":"https:\/\/www.toque-musicall.com\/?p=10984"},"modified":"2025-03-09T18:05:56","modified_gmt":"2025-03-09T21:05:56","slug":"jorge-ben-trio-mocoto-o-som-do-pasquim-1970","status":"publish","type":"post","link":"https:\/\/www.toque-musicall.com\/?p=10984","title":{"rendered":"Jorge Ben &#8211; Trio Mocot\u00f3 &#8211; O Som Do Pasquim (1970)"},"content":{"rendered":"\n<figure class=\"wp-block-image size-large\"><img decoding=\"async\" src=\"https:\/\/blogger.googleusercontent.com\/img\/b\/R29vZ2xl\/AVvXsEgbfvyvHVmjyE05FFqRjnstoaLmp2ZHsXe2WojXiV0Zw_I8V6HzMXT6miJE1BvcW-WHHy8x8cxZl0zo-QqcLaJ3qxzSJuSUepi4W3dvFziKC5YeMaQZUcJ8gzYih_W-ZwkxKuiI9HxHYVj6K0Fjv1oN8g8jkoKZEcjpoMnSMoum0arCBO0dnXVuI3BDCdPz\/w640-h640\/R-2206516-1732818390-7780.jpg\" alt=\"\"\/><\/figure>\n\n\n\n<figure class=\"wp-block-image size-large\"><img decoding=\"async\" src=\"https:\/\/blogger.googleusercontent.com\/img\/b\/R29vZ2xl\/AVvXsEjFmqORgnP7dUaPW5_1cY2ng71s9FigLip3ZgLK0dhf8Wb4Et1XFvaFPzsTD4xAGwKiFh3r9XWg2HHxwfoiHaTttZYIgKl5479KwxWGGgsK8UYrpqXeAsoYenPS5i-9Ozr5IpRJmnB4MH9ZMHmv8QbGz_cens-UIq5xYk-nvqPibQVu23aMzNFWVZfuhciL\/w640-h640\/R-2206516-1732818390-4753.jpg\" alt=\"\"\/><\/figure>\n\n\n<div>Abrimos fevereiro nos compactos&#8230; Come\u00e7ando por este promocional lan\u00e7ado em 1970 para O Pasquim, o memor\u00e1vel tabloide semanal subversivo que circulou no Brasil por quase trinta anos. &#8220;O Som do Pasquim&#8221; foi uma s\u00e9rie fonomusical que saiu como brinde do jornal para os seus leitores. Ainda hoje \u00e9 poss\u00edvel encontrar esses disquinhos. Aqui, temos o Trio Mocot\u00f3 e Jorge Ben num registro que s\u00f3 consta neste diquinho. Muito legal, confiram&#8230;<\/div>\n<div>\u00a0<\/div>\n<div>coisa nostra &#8211; jorge ben e trio mocot\u00f3<\/div>\n<div>coqueiro verde &#8211; trio mocot\u00f3<\/div>\n<div>\u00a0<\/div>\n<div>\u00a0<\/div>","protected":false},"excerpt":{"rendered":"<p>Abrimos fevereiro nos compactos&#8230; Come\u00e7ando por este promocional lan\u00e7ado em 1970 para O Pasquim, o memor\u00e1vel tabloide semanal subversivo que circulou no Brasil por quase trinta anos. &#8220;O Som do Pasquim&#8221; foi uma s\u00e9rie fonomusical que saiu como brinde do &hellip; <a href=\"https:\/\/www.toque-musicall.com\/?p=10984\">Continue lendo <span class=\"meta-nav\">&rarr;<\/span><\/a><\/p>\n","protected":false},"author":1,"featured_media":0,"comment_status":"closed","ping_status":"closed","sticky":false,"template":"","format":"standard","meta":{"footnotes":""},"categories":[1],"tags":[5536,5886,5887,4055,5807],"class_list":["post-10984","post","type-post","status-publish","format-standard","hentry","category-sem-categoria","tag-compactos-2","tag-jorge-ben","tag-o-som-do-pasquim","tag-selo-promocional","tag-trio-mocoto"],"_links":{"self":[{"href":"https:\/\/www.toque-musicall.com\/index.php?rest_route=\/wp\/v2\/posts\/10984","targetHints":{"allow":["GET"]}}],"collection":[{"href":"https:\/\/www.toque-musicall.com\/index.php?rest_route=\/wp\/v2\/posts"}],"about":[{"href":"https:\/\/www.toque-musicall.com\/index.php?rest_route=\/wp\/v2\/types\/post"}],"author":[{"embeddable":true,"href":"https:\/\/www.toque-musicall.com\/index.php?rest_route=\/wp\/v2\/users\/1"}],"replies":[{"embeddable":true,"href":"https:\/\/www.toque-musicall.com\/index.php?rest_route=%2Fwp%2Fv2%2Fcomments&post=10984"}],"version-history":[{"count":1,"href":"https:\/\/www.toque-musicall.com\/index.php?rest_route=\/wp\/v2\/posts\/10984\/revisions"}],"predecessor-version":[{"id":10985,"href":"https:\/\/www.toque-musicall.com\/index.php?rest_route=\/wp\/v2\/posts\/10984\/revisions\/10985"}],"wp:attachment":[{"href":"https:\/\/www.toque-musicall.com\/index.php?rest_route=%2Fwp%2Fv2%2Fmedia&parent=10984"}],"wp:term":[{"taxonomy":"category","embeddable":true,"href":"https:\/\/www.toque-musicall.com\/index.php?rest_route=%2Fwp%2Fv2%2Fcategories&post=10984"},{"taxonomy":"post_tag","embeddable":true,"href":"https:\/\/www.toque-musicall.com\/index.php?rest_route=%2Fwp%2Fv2%2Ftags&post=10984"}],"curies":[{"name":"wp","href":"https:\/\/api.w.org\/{rel}","templated":true}]}}