{"id":1099,"date":"2009-09-01T08:57:00","date_gmt":"2009-09-01T08:57:00","guid":{"rendered":"http:\/\/www.toque-musicall.com\/?p=1099"},"modified":"2009-09-01T08:57:00","modified_gmt":"2009-09-01T08:57:00","slug":"waldir-silva-e-seu-regional-1983","status":"publish","type":"post","link":"https:\/\/www.toque-musicall.com\/?p=1099","title":{"rendered":"Waldir Silva E Seu Regional (1983)"},"content":{"rendered":"<p><a href=\"http:\/\/1.bp.blogspot.com\/_DSKVEvHtskc\/SpzmE3CXySI\/AAAAAAAAFSg\/SreZlB2rxWY\/s1600-h\/WS+P.JPG\"><img decoding=\"async\" style=\"display:block; margin:0px auto 10px; text-align:center;cursor:pointer; cursor:hand;width: 395px; height: 400px;\" src=\"http:\/\/1.bp.blogspot.com\/_DSKVEvHtskc\/SpzmE3CXySI\/AAAAAAAAFSg\/SreZlB2rxWY\/s400\/WS+P.JPG\" border=\"0\" alt=\"\" id=\"BLOGGER_PHOTO_ID_5376425026341292322\" \/><\/a>Ol\u00e1s! Definitivamente eu n\u00e3o posso mais ficar planejando como vai ser a semana. Quando eu pensava que estaria mais folgado \u00e0 ponto de poder escolher bem as postagens, me surgem outras obriga\u00e7\u00f5es que comem todo o meu dia. Fui obrigado a lan\u00e7ar m\u00e3o de mais um &#8216;disco de gaveta&#8217;. Para manter o n\u00edvel, escolhi ningu\u00e9m menos que um outro fera das cordas, o homem do cavaquinho de ouro, o grande Waldir Silva.<\/p>\n<div>Um dos maiores nomes deste instrumento, Waldir \u00e9 respeitad\u00edssimo e um fen\u00f4meno de vendagens de disco. Um instrumentista consagrado no Brasil e em outros pa\u00edses. J\u00e1 tocou com os mais diversos artistas, assim como tamb\u00e9m e ao lado de suas composi\u00e7\u00f5es, os tem interpretado em discos. <a href=\"http:\/\/toque-musicall.blogspot.com\/2008\/01\/waldir-silva-um-cavaquinho-diferente.html\">Em janeiro<\/a> do ano passado eu postei aqui um de seus mais raros trabalhos e fez muito sucesso. Acredito que este tamb\u00e9m ir\u00e1 pelo mesmo caminho \ud83d\ude42<\/div>\n<div>O \u00e1lbum que tenho aqui, me parece, \u00e9 um relan\u00e7amento de um lp realizado em 1973. Com tantas regrava\u00e7\u00f5es, colet\u00e2neas e aproveitando sempre as mesmas fotos ou encarte, fica dif\u00edcil saber se \u00e9 mesmo um disco de carreira. Todavia e em se tratando de Waldir Silva, vale sempre conferir&#8230; <\/div>\n<div>Desculpem, mas o dever me chama. Fiquem a vontade e n\u00e3o deixem de comentar. A lenha que toca o Toque s\u00e3o os coment\u00e1rios de voc\u00eas. Bom dia!<\/div>\n<div><\/div>\n<div style=\"text-align: center;\">zingara<\/div>\n<div style=\"text-align: center;\">luar de n\u00e1poles<\/div>\n<div style=\"text-align: center;\">la paloma<\/div>\n<div style=\"text-align: center;\">cavaquinho triste<\/div>\n<div style=\"text-align: center;\">pout pourri do bai\u00e3o<\/div>\n<div style=\"text-align: center;\">delicado<\/div>\n<div style=\"text-align: center;\">felicidade<\/div>\n<div style=\"text-align: center;\">bai\u00e3o ca\u00e7ula<\/div>\n<div style=\"text-align: center;\">s\u00e3o paulo quatrocent\u00e3o<\/div>\n<div style=\"text-align: center;\">pout pourri de ataulfo alves<\/div>\n<div style=\"text-align: center;\">orgulho de um sambista<\/div>\n<div style=\"text-align: center;\"><\/div>\n<div style=\"text-align: center;\"><\/div>\n","protected":false},"excerpt":{"rendered":"<p>Ol\u00e1s! Definitivamente eu n\u00e3o posso mais ficar planejando como vai ser a semana. Quando eu pensava que estaria mais folgado \u00e0 ponto de poder escolher bem as postagens, me surgem outras obriga\u00e7\u00f5es que comem todo o meu dia. Fui obrigado &hellip; <a href=\"https:\/\/www.toque-musicall.com\/?p=1099\">Continue lendo <span class=\"meta-nav\">&rarr;<\/span><\/a><\/p>\n","protected":false},"author":1,"featured_media":0,"comment_status":"open","ping_status":"closed","sticky":false,"template":"","format":"standard","meta":{"footnotes":""},"categories":[853],"tags":[],"class_list":["post-1099","post","type-post","status-publish","format-standard","hentry","category-waldir-silva"],"_links":{"self":[{"href":"https:\/\/www.toque-musicall.com\/index.php?rest_route=\/wp\/v2\/posts\/1099","targetHints":{"allow":["GET"]}}],"collection":[{"href":"https:\/\/www.toque-musicall.com\/index.php?rest_route=\/wp\/v2\/posts"}],"about":[{"href":"https:\/\/www.toque-musicall.com\/index.php?rest_route=\/wp\/v2\/types\/post"}],"author":[{"embeddable":true,"href":"https:\/\/www.toque-musicall.com\/index.php?rest_route=\/wp\/v2\/users\/1"}],"replies":[{"embeddable":true,"href":"https:\/\/www.toque-musicall.com\/index.php?rest_route=%2Fwp%2Fv2%2Fcomments&post=1099"}],"version-history":[{"count":0,"href":"https:\/\/www.toque-musicall.com\/index.php?rest_route=\/wp\/v2\/posts\/1099\/revisions"}],"wp:attachment":[{"href":"https:\/\/www.toque-musicall.com\/index.php?rest_route=%2Fwp%2Fv2%2Fmedia&parent=1099"}],"wp:term":[{"taxonomy":"category","embeddable":true,"href":"https:\/\/www.toque-musicall.com\/index.php?rest_route=%2Fwp%2Fv2%2Fcategories&post=1099"},{"taxonomy":"post_tag","embeddable":true,"href":"https:\/\/www.toque-musicall.com\/index.php?rest_route=%2Fwp%2Fv2%2Ftags&post=1099"}],"curies":[{"name":"wp","href":"https:\/\/api.w.org\/{rel}","templated":true}]}}