{"id":10992,"date":"2025-02-05T21:25:24","date_gmt":"2025-02-06T00:25:24","guid":{"rendered":"https:\/\/www.toque-musicall.com\/?p=10992"},"modified":"2025-03-09T21:28:32","modified_gmt":"2025-03-10T00:28:32","slug":"majo-compacto-1974","status":"publish","type":"post","link":"https:\/\/www.toque-musicall.com\/?p=10992","title":{"rendered":"Maj\u00f3 &#8211; Compacto (1974)\u00a0"},"content":{"rendered":"\n<figure class=\"wp-block-image size-large\"><img decoding=\"async\" src=\"https:\/\/blogger.googleusercontent.com\/img\/b\/R29vZ2xl\/AVvXsEj6MV4PAKpUMlg7yXPs__jhgr0a8JbfURQKcJaUZzZNC65Xu9MH5y13Kk7bCiYu-nb7ed5fGwrVQ5cjcCqWxp9-40guuGVyrISoztQ75noNwcT-pbwbHpy3P-un7eXmHC0nskXHzOFfDxZwCht-VOMeG47VkZ5DfvQja6OOs_kdwHa6ic4JOrCB8thf-eFo\/w638-h640\/lado%201.JPG\" alt=\"\"\/><\/figure>\n\n\n\n<figure class=\"wp-block-image size-large\"><img decoding=\"async\" src=\"https:\/\/blogger.googleusercontent.com\/img\/b\/R29vZ2xl\/AVvXsEiO19t3oHecA0DoxsKtZvqzZJmB3btSx2nQ0MotjpV3YFH5pJ3Ja6B8MyQD3OC-RvX9zRFoFA-9UFQdNzfY2R0HExlE1Ajtw6Yw3XfGZcyXz2w_vtoK_ewPlUaoE-5pCRYxT3l2ZBpZB5nTBVLneZpvEeE-pWAB0eWo9UZNK8uqjtizLafUp2WB9288qs2E\/w638-h640\/lado%202.jpg\" alt=\"\"\/><\/figure>\n\n\n<div class=\"separator\">Aqui um compacto da Odeon que fez um relativo sucesso nas r\u00e1dios naqueles anos 70. Muitos h\u00e3o de se lembrar de &#8220;As Sementes&#8221;, do cantor e compositor Maj\u00f3. Segundo contam, este artista era irm\u00e3o de Agnaldo Tim\u00f3teo. Este teria sido seu terceiro trabalho fonogr\u00e1fico em compacto, que infelizmente n\u00e3o rendeu um lp. Maj\u00f3 era um artista bem criativo e certamente nesta \u00e9poca teria feito um bom \u00e1lbum. Mas, ao que parece, teve problemas com a gravadora e censores, ou algo assim, de forma que era proibido apresentar essa m\u00fasica. Mas tanto &#8220;As sementes&#8221;, quanto &#8220;Nem tudo que reluz \u00e9 ouro&#8221; s\u00e3o duas m\u00fasicas muito boa, sendo que essa \u00faltima passou a fazer parte do &#8216;playlist&#8217; dos antenados DJ&#8217;s. Maj\u00f3 aparece novamente em disco, agora um lp, em 1976, o &#8220;Carimb\u00f3&#8221;, lan\u00e7ado pelo selo Soma. Ainda lan\u00e7ou mais uns dois ou tr\u00eas compactos. Logo que poss\u00edvel, a gente trazmais coisas de Maj\u00f3. Por hora, vamos no embalo do compacto&#8230;<\/div>\n<div class=\"separator\">\u00a0<\/div>\n<div class=\"separator\">as semente<\/div>\n<div class=\"separator\">nem tudo que reluz \u00e9 ouro<\/div>\n<div class=\"separator\">\u00a0<\/div>\n<div class=\"separator\">\u00a0<\/div>\n<div class=\"separator\">.<\/div>","protected":false},"excerpt":{"rendered":"<p>Aqui um compacto da Odeon que fez um relativo sucesso nas r\u00e1dios naqueles anos 70. Muitos h\u00e3o de se lembrar de &#8220;As Sementes&#8221;, do cantor e compositor Maj\u00f3. Segundo contam, este artista era irm\u00e3o de Agnaldo Tim\u00f3teo. Este teria sido &hellip; <a href=\"https:\/\/www.toque-musicall.com\/?p=10992\">Continue lendo <span class=\"meta-nav\">&rarr;<\/span><\/a><\/p>\n","protected":false},"author":1,"featured_media":0,"comment_status":"closed","ping_status":"closed","sticky":false,"template":"","format":"standard","meta":{"footnotes":""},"categories":[1],"tags":[3072,5890,3153],"class_list":["post-10992","post","type-post","status-publish","format-standard","hentry","category-sem-categoria","tag-compactos","tag-majo","tag-selo-odeon"],"_links":{"self":[{"href":"https:\/\/www.toque-musicall.com\/index.php?rest_route=\/wp\/v2\/posts\/10992","targetHints":{"allow":["GET"]}}],"collection":[{"href":"https:\/\/www.toque-musicall.com\/index.php?rest_route=\/wp\/v2\/posts"}],"about":[{"href":"https:\/\/www.toque-musicall.com\/index.php?rest_route=\/wp\/v2\/types\/post"}],"author":[{"embeddable":true,"href":"https:\/\/www.toque-musicall.com\/index.php?rest_route=\/wp\/v2\/users\/1"}],"replies":[{"embeddable":true,"href":"https:\/\/www.toque-musicall.com\/index.php?rest_route=%2Fwp%2Fv2%2Fcomments&post=10992"}],"version-history":[{"count":1,"href":"https:\/\/www.toque-musicall.com\/index.php?rest_route=\/wp\/v2\/posts\/10992\/revisions"}],"predecessor-version":[{"id":10993,"href":"https:\/\/www.toque-musicall.com\/index.php?rest_route=\/wp\/v2\/posts\/10992\/revisions\/10993"}],"wp:attachment":[{"href":"https:\/\/www.toque-musicall.com\/index.php?rest_route=%2Fwp%2Fv2%2Fmedia&parent=10992"}],"wp:term":[{"taxonomy":"category","embeddable":true,"href":"https:\/\/www.toque-musicall.com\/index.php?rest_route=%2Fwp%2Fv2%2Fcategories&post=10992"},{"taxonomy":"post_tag","embeddable":true,"href":"https:\/\/www.toque-musicall.com\/index.php?rest_route=%2Fwp%2Fv2%2Ftags&post=10992"}],"curies":[{"name":"wp","href":"https:\/\/api.w.org\/{rel}","templated":true}]}}