{"id":10996,"date":"2025-02-07T21:35:15","date_gmt":"2025-02-08T00:35:15","guid":{"rendered":"https:\/\/www.toque-musicall.com\/?p=10996"},"modified":"2025-03-09T21:38:07","modified_gmt":"2025-03-10T00:38:07","slug":"carlos-imperial-e-clovis-bornay-compacto-1982","status":"publish","type":"post","link":"https:\/\/www.toque-musicall.com\/?p=10996","title":{"rendered":"Carlos Imperial E Clovis Bornay &#8211; Compacto (1982)\u00a0"},"content":{"rendered":"\n<figure class=\"wp-block-image size-large\"><img decoding=\"async\" src=\"https:\/\/blogger.googleusercontent.com\/img\/b\/R29vZ2xl\/AVvXsEjw8tvBVWsmFY3FPP09QYq2XDdfspycPLjP73LRTsdRRQQyQgTWh_f94AbfCD3a3UfPfvfBp_avahTBbws_-q5mllrH-OkTM4oYDbKJRPYf8eHgX5INrTKnWCv_DbXxZB6COtuuyDMlIFkXS5GrI8-xkED7RpizSLnO9OnozYRPecgT6ch8-IqphoI7felt\/w626-h640\/clovisaa.JPG\" alt=\"\"\/><\/figure>\n\n\n\n<figure class=\"wp-block-image size-large\"><img decoding=\"async\" src=\"https:\/\/blogger.googleusercontent.com\/img\/b\/R29vZ2xl\/AVvXsEjXpnzytMFsDfJ9_iahYw-T8iMY6ajy-AtFCXvlbSIzG2638W8q8gk0MbOwztPWMv5kJppoaJWTXCkzs0dJC4ptsI26KioaUWIM83St_S7jQO3n0zTlNbV76bywWA-Omz7w_23jU77XmxaZhoJjvClIHgvgz_l4xYtehfHFtn1Qbexn4fEhPbC6U05eQGGJ\/w640-h634\/clovisa.JPG\" alt=\"\"\/><\/figure>\n\n\n<div class=\"separator\">Carnaval, logo est\u00e1 chegando. Pod\u00edamos ter deixado esse disco para a ocasi\u00e3o, mas vamos aproveitando para j\u00e1 irmos aquecendo o foli\u00e3o. Aqui, um compacto simples de 1982, ou, para o carnaval de 82, trazendo em marchinhas, de um lado o Carlos Imperial e do outro, Cl\u00f3vis Bornay, duas figuras lend\u00e1rias no mundo carnavalesco. Coisa que a gente s\u00f3 v\u00ea aqui no Toque Musical e ouve baixando o disquinho no Grupo do Toque Musical (GTM).<\/div>\n<div class=\"separator\">\u00a0<\/div>\n<div class=\"separator\">vamos brizolar<\/div>\n<div class=\"separator\">vamos furunfar<\/div>\n<div class=\"separator\">\u00a0<\/div>\n<div class=\"separator\">\u00a0<\/div>\n<div class=\"separator\">.<\/div>\n<p>&nbsp;<\/p>","protected":false},"excerpt":{"rendered":"<p>Carnaval, logo est\u00e1 chegando. Pod\u00edamos ter deixado esse disco para a ocasi\u00e3o, mas vamos aproveitando para j\u00e1 irmos aquecendo o foli\u00e3o. Aqui, um compacto simples de 1982, ou, para o carnaval de 82, trazendo em marchinhas, de um lado o &hellip; <a href=\"https:\/\/www.toque-musicall.com\/?p=10996\">Continue lendo <span class=\"meta-nav\">&rarr;<\/span><\/a><\/p>\n","protected":false},"author":1,"featured_media":0,"comment_status":"closed","ping_status":"closed","sticky":false,"template":"","format":"standard","meta":{"footnotes":""},"categories":[1],"tags":[5892,5891,3072,4884],"class_list":["post-10996","post","type-post","status-publish","format-standard","hentry","category-sem-categoria","tag-carlos-imperial","tag-clovis-bornay","tag-compactos","tag-selo-lanca"],"_links":{"self":[{"href":"https:\/\/www.toque-musicall.com\/index.php?rest_route=\/wp\/v2\/posts\/10996","targetHints":{"allow":["GET"]}}],"collection":[{"href":"https:\/\/www.toque-musicall.com\/index.php?rest_route=\/wp\/v2\/posts"}],"about":[{"href":"https:\/\/www.toque-musicall.com\/index.php?rest_route=\/wp\/v2\/types\/post"}],"author":[{"embeddable":true,"href":"https:\/\/www.toque-musicall.com\/index.php?rest_route=\/wp\/v2\/users\/1"}],"replies":[{"embeddable":true,"href":"https:\/\/www.toque-musicall.com\/index.php?rest_route=%2Fwp%2Fv2%2Fcomments&post=10996"}],"version-history":[{"count":1,"href":"https:\/\/www.toque-musicall.com\/index.php?rest_route=\/wp\/v2\/posts\/10996\/revisions"}],"predecessor-version":[{"id":10997,"href":"https:\/\/www.toque-musicall.com\/index.php?rest_route=\/wp\/v2\/posts\/10996\/revisions\/10997"}],"wp:attachment":[{"href":"https:\/\/www.toque-musicall.com\/index.php?rest_route=%2Fwp%2Fv2%2Fmedia&parent=10996"}],"wp:term":[{"taxonomy":"category","embeddable":true,"href":"https:\/\/www.toque-musicall.com\/index.php?rest_route=%2Fwp%2Fv2%2Fcategories&post=10996"},{"taxonomy":"post_tag","embeddable":true,"href":"https:\/\/www.toque-musicall.com\/index.php?rest_route=%2Fwp%2Fv2%2Ftags&post=10996"}],"curies":[{"name":"wp","href":"https:\/\/api.w.org\/{rel}","templated":true}]}}