{"id":10998,"date":"2025-02-08T21:38:52","date_gmt":"2025-02-09T00:38:52","guid":{"rendered":"https:\/\/www.toque-musicall.com\/?p=10998"},"modified":"2025-03-09T21:45:07","modified_gmt":"2025-03-10T00:45:07","slug":"noel-carlos-1970","status":"publish","type":"post","link":"https:\/\/www.toque-musicall.com\/?p=10998","title":{"rendered":"Noel Carlos (1970)\u00a0"},"content":{"rendered":"\n<figure class=\"wp-block-image size-large\"><img decoding=\"async\" src=\"https:\/\/blogger.googleusercontent.com\/img\/b\/R29vZ2xl\/AVvXsEgVw8tUSx2XgN6DmWWCUW4XuhvgTDx0tVslGk_nIVpCpIBtHJWAELNYByxAUfqp5e7BtaRmfsrLk1aZejemDeOxY9MI_MpL2vE7jhkprRZU0kdn9N23GpXXlRrFkwoQXNqFh-N7BJTQGNHHJ709PedHFLEKEO0ZbLs0NeRyeO4M42gXBx1G24zsq9NPEmuS\/s943\/nole.JPG\" alt=\"\"\/><\/figure>\n\n\n\n<figure class=\"wp-block-image size-large\"><img decoding=\"async\" src=\"https:\/\/blogger.googleusercontent.com\/img\/b\/R29vZ2xl\/AVvXsEh69tEVZJq7NKo5Y6XOxa_BVtqhpa9qr1qzbwcJS-mG9YdbKjHhetEUXIrp4tG71hUQpywLf-dEdhCub2LC7X4D3TAVwrToVxqtihhoP1Ak87e9JasXFepnnDuOWQvn3t12Day_5j23dr5hgC-nCqiAvuxWba8esOKnx9WiieVxfOzuLDYXs5iO1A5yZ6RQ\/w640-h628\/nolee.JPG\" alt=\"\"\/><\/figure>\n\n\n<div>\u00a0<\/div>\n<div>\u00a0<\/div>\n<div class=\"separator\">Prenunciando o Carnaval, aqui vai outro compacto, que por sinal, j\u00e1 foi postado no Toque Musical juntamente com outros compactos, num lote s\u00f3. Como j\u00e1 faz tempo e pode mesmo ter passado batido para muitos, vamos trazendo de volta, com reapresenta\u00e7\u00e3o do nosso falecido amigo culto Samuel Machado Filho, o Samuca:\u00a0<i>Em seguida, mais carnaval, agora com Noel Carlos, apresentando um single Copacabana de 1970, para a folia de 71. Ele canta duas marchinhas que fez em parceria com Jo\u00e3o Roberto Kelly e Elzo Augusto, \u201cMeu bem, sai da fossa (Tobog\u00e3)\u201d e \u201cDeixa pro ano que vem (Nen\u00e9m)\u201d.<\/i><\/div>\n<div>\u00a0<\/div>\n<div class=\"separator\">meu bem sai da fossa<\/div>\n<div class=\"separator\">\n<div class=\"separator\">deixa pro ano que vem<\/div>\n<\/div>\n\n\n<p><\/p>\n","protected":false},"excerpt":{"rendered":"<p>\u00a0 \u00a0 Prenunciando o Carnaval, aqui vai outro compacto, que por sinal, j\u00e1 foi postado no Toque Musical juntamente com outros compactos, num lote s\u00f3. Como j\u00e1 faz tempo e pode mesmo ter passado batido para muitos, vamos trazendo de &hellip; <a href=\"https:\/\/www.toque-musicall.com\/?p=10998\">Continue lendo <span class=\"meta-nav\">&rarr;<\/span><\/a><\/p>\n","protected":false},"author":1,"featured_media":0,"comment_status":"closed","ping_status":"closed","sticky":false,"template":"","format":"standard","meta":{"footnotes":""},"categories":[1],"tags":[5679,3072,5893,3108],"class_list":["post-10998","post","type-post","status-publish","format-standard","hentry","category-sem-categoria","tag-compacto","tag-compactos","tag-noel-carlos","tag-selo-copacabana"],"_links":{"self":[{"href":"https:\/\/www.toque-musicall.com\/index.php?rest_route=\/wp\/v2\/posts\/10998","targetHints":{"allow":["GET"]}}],"collection":[{"href":"https:\/\/www.toque-musicall.com\/index.php?rest_route=\/wp\/v2\/posts"}],"about":[{"href":"https:\/\/www.toque-musicall.com\/index.php?rest_route=\/wp\/v2\/types\/post"}],"author":[{"embeddable":true,"href":"https:\/\/www.toque-musicall.com\/index.php?rest_route=\/wp\/v2\/users\/1"}],"replies":[{"embeddable":true,"href":"https:\/\/www.toque-musicall.com\/index.php?rest_route=%2Fwp%2Fv2%2Fcomments&post=10998"}],"version-history":[{"count":3,"href":"https:\/\/www.toque-musicall.com\/index.php?rest_route=\/wp\/v2\/posts\/10998\/revisions"}],"predecessor-version":[{"id":11001,"href":"https:\/\/www.toque-musicall.com\/index.php?rest_route=\/wp\/v2\/posts\/10998\/revisions\/11001"}],"wp:attachment":[{"href":"https:\/\/www.toque-musicall.com\/index.php?rest_route=%2Fwp%2Fv2%2Fmedia&parent=10998"}],"wp:term":[{"taxonomy":"category","embeddable":true,"href":"https:\/\/www.toque-musicall.com\/index.php?rest_route=%2Fwp%2Fv2%2Fcategories&post=10998"},{"taxonomy":"post_tag","embeddable":true,"href":"https:\/\/www.toque-musicall.com\/index.php?rest_route=%2Fwp%2Fv2%2Ftags&post=10998"}],"curies":[{"name":"wp","href":"https:\/\/api.w.org\/{rel}","templated":true}]}}