{"id":110,"date":"2012-03-24T12:20:00","date_gmt":"2012-03-24T12:20:00","guid":{"rendered":"http:\/\/www.toque-musicall.com\/?p=110"},"modified":"2012-03-24T12:20:00","modified_gmt":"2012-03-24T12:20:00","slug":"aecio-flavio-coletanea-toque-musical-2012","status":"publish","type":"post","link":"https:\/\/www.toque-musicall.com\/?p=110","title":{"rendered":"A\u00e9cio Fl\u00e1vio &#8211; Colet\u00e2nea Toque Musical (2012)"},"content":{"rendered":"<p><a href=\"http:\/\/2.bp.blogspot.com\/-cqLZMkE1CJU\/T229GGmKsDI\/AAAAAAAABTE\/OnAQeXxuUcg\/s1600\/CAPA+p.JPG\"><img decoding=\"async\" style=\"display:block; margin:0px auto 10px; text-align:center;cursor:pointer; cursor:hand;width: 400px; height: 400px;\" src=\"http:\/\/2.bp.blogspot.com\/-cqLZMkE1CJU\/T229GGmKsDI\/AAAAAAAABTE\/OnAQeXxuUcg\/s400\/CAPA+p.JPG\" border=\"0\" alt=\"\" id=\"BLOGGER_PHOTO_ID_5723438614005329970\" \/><\/a><a href=\"http:\/\/4.bp.blogspot.com\/-T5rWEMyAHag\/T2289QbHEBI\/AAAAAAAABS4\/LTOXzpQzkUg\/s1600\/CONTRACAPA+p.JPG\"><img decoding=\"async\" style=\"display:block; margin:0px auto 10px; text-align:center;cursor:pointer; cursor:hand;width: 400px; height: 400px;\" src=\"http:\/\/4.bp.blogspot.com\/-T5rWEMyAHag\/T2289QbHEBI\/AAAAAAAABS4\/LTOXzpQzkUg\/s400\/CONTRACAPA+p.JPG\" border=\"0\" alt=\"\" id=\"BLOGGER_PHOTO_ID_5723438462024486930\" \/><\/a>Muito bom dia, amigos cultos, ocultos e associados! Como sempre, em reformula\u00e7\u00f5es, estou pensando aqui em deixar o s\u00e1bado n\u00e3o apenas para as colet\u00e2neas, mas tamb\u00e9m para os compactos. Nem sempre eu estou bem disposto para ficar criando sele\u00e7\u00f5es e muito menos postar colet\u00e2neas prontas. Por outro lado, tem os disquinhos de sete polegadas que s\u00e3o mais f\u00e1ceis de postar e fazem um baita sucesso por aqui. Acho que vou adotar esse esquema j\u00e1 na pr\u00f3xima semana. Hoje vai mais uma sele\u00e7\u00e3o exclusiva, uma colet\u00e2nea de m\u00fasicas do compositor e arranjador mineiro A\u00e9cio Fl\u00e1vio. J\u00e1 postei dele alguns trabalhos, os primeiros de sua carreira, ainda na \u00e9poca da Bemol. A\u00e9cio \u00e9 um m\u00fasico consagrado, um arranjador dos mais requisitados nas d\u00e9cadas de 70 e 80, isso sem falar nos prim\u00f3rdios, nos tempos dos bailes, da Bemol e Paladium. Foi ele quem, de uma certa forma, iniciou Toninho Horta. Aproximou muita gente do que seria a turma do &#8220;Clube da Esquina&#8221;. H\u00e1 um depoimento de A\u00e9cio no site do &#8220;<a href=\"http:\/\/www.museuclubedaesquina.org.br\/museu\/depoimentos\/aecio-flavio\/\">Museu Clube da Esquina<\/a>&#8221; que vale a pena dar uma linda.<\/p>\n<div>Mas falando da nossa colet\u00e2nea, esta nasceu de uma s\u00e9rie de arquivos\/grava\u00e7\u00f5es do A\u00e9cio Fl\u00e1vio que me chegou \u00e0s m\u00e3os h\u00e1 algum tempo atr\u00e1s, enviados pelo amigo Paulinho, de Santa Tereza, &#8216;testemunha molecular&#8217;, como diz ele, daqueles tempos na rua Divin\u00f3polis. N\u00e3o sei bem de onde ele tirou essas grava\u00e7\u00f5es, mas ele me garantiu serem todos trabalhos do A\u00e9cio Fl\u00e1vio. Eu at\u00e9 tentei entrar em contato com o m\u00fasico, mas mesmo estando na mesma cidade, n\u00e3o tive sucesso. Ele n\u00e3o me respondeu. Quem sabe agora, vendo aqui essa homenagem, ele, numa hora dessas, nos d\u00ea o prazer de uma visita e maiores esclarecimentos. Temos aqui 20 composi\u00e7\u00f5es, as quais eu acredito, nunca tenham sido lan\u00e7adas em discos. Vamos conhecer?<\/div>\n<div><\/div>\n<div style=\"text-align: center;\">doce doce (primeira vers\u00e3o)<\/div>\n<div style=\"text-align: center;\">ver\u00e3o flash back<\/div>\n<div style=\"text-align: center;\">chico hipocondria<\/div>\n<div style=\"text-align: center;\">homenagem a elis regina<\/div>\n<div style=\"text-align: center;\">objeto da paix\u00e3o<\/div>\n<div style=\"text-align: center;\">veneno<\/div>\n<div style=\"text-align: center;\">violetas imperiais<\/div>\n<div style=\"text-align: center;\">fui<\/div>\n<div style=\"text-align: center;\">por enquanto<\/div>\n<div style=\"text-align: center;\">cool<\/div>\n<div style=\"text-align: center;\">fui<\/div>\n<div style=\"text-align: center;\">tantas mulheres<\/div>\n<div style=\"text-align: center;\">confiss\u00e3o<\/div>\n<div style=\"text-align: center;\">chore<\/div>\n<div style=\"text-align: center;\">rubi<\/div>\n<div style=\"text-align: center;\">rita lee(nda)<\/div>\n<div style=\"text-align: center;\">irressist\u00edvel<\/div>\n<div style=\"text-align: center;\">o girassol e a flor azul<\/div>\n<div style=\"text-align: center;\">quer dan\u00e7ar comigo<\/div>\n<div style=\"text-align: center;\">raspberry blues<\/div>\n<div style=\"text-align: center;\"><\/div>\n<div style=\"text-align: center;\"><\/div>\n","protected":false},"excerpt":{"rendered":"<p>Muito bom dia, amigos cultos, ocultos e associados! Como sempre, em reformula\u00e7\u00f5es, estou pensando aqui em deixar o s\u00e1bado n\u00e3o apenas para as colet\u00e2neas, mas tamb\u00e9m para os compactos. Nem sempre eu estou bem disposto para ficar criando sele\u00e7\u00f5es e &hellip; <a href=\"https:\/\/www.toque-musicall.com\/?p=110\">Continue lendo <span class=\"meta-nav\">&rarr;<\/span><\/a><\/p>\n","protected":false},"author":1,"featured_media":0,"comment_status":"open","ping_status":"closed","sticky":false,"template":"","format":"standard","meta":{"footnotes":""},"categories":[203,11],"tags":[],"class_list":["post-110","post","type-post","status-publish","format-standard","hentry","category-aecio-flavio","category-exclusivos-do-toque-musical"],"_links":{"self":[{"href":"https:\/\/www.toque-musicall.com\/index.php?rest_route=\/wp\/v2\/posts\/110","targetHints":{"allow":["GET"]}}],"collection":[{"href":"https:\/\/www.toque-musicall.com\/index.php?rest_route=\/wp\/v2\/posts"}],"about":[{"href":"https:\/\/www.toque-musicall.com\/index.php?rest_route=\/wp\/v2\/types\/post"}],"author":[{"embeddable":true,"href":"https:\/\/www.toque-musicall.com\/index.php?rest_route=\/wp\/v2\/users\/1"}],"replies":[{"embeddable":true,"href":"https:\/\/www.toque-musicall.com\/index.php?rest_route=%2Fwp%2Fv2%2Fcomments&post=110"}],"version-history":[{"count":0,"href":"https:\/\/www.toque-musicall.com\/index.php?rest_route=\/wp\/v2\/posts\/110\/revisions"}],"wp:attachment":[{"href":"https:\/\/www.toque-musicall.com\/index.php?rest_route=%2Fwp%2Fv2%2Fmedia&parent=110"}],"wp:term":[{"taxonomy":"category","embeddable":true,"href":"https:\/\/www.toque-musicall.com\/index.php?rest_route=%2Fwp%2Fv2%2Fcategories&post=110"},{"taxonomy":"post_tag","embeddable":true,"href":"https:\/\/www.toque-musicall.com\/index.php?rest_route=%2Fwp%2Fv2%2Ftags&post=110"}],"curies":[{"name":"wp","href":"https:\/\/api.w.org\/{rel}","templated":true}]}}