{"id":1100,"date":"2009-08-31T09:23:00","date_gmt":"2009-08-31T09:23:00","guid":{"rendered":"http:\/\/www.toque-musicall.com\/?p=1100"},"modified":"2009-08-31T09:23:00","modified_gmt":"2009-08-31T09:23:00","slug":"baden-powell-lame-de-baden-powell-1973","status":"publish","type":"post","link":"https:\/\/www.toque-musicall.com\/?p=1100","title":{"rendered":"Baden Powell &#8211; L&#8217;\u00e2me De Baden Powell (1973)"},"content":{"rendered":"<p><a href=\"http:\/\/4.bp.blogspot.com\/_DSKVEvHtskc\/SputHt1sD_I\/AAAAAAAAFSQ\/gM3Rq_UOl_E\/s1600-h\/baden+73+P.JPG\"><img decoding=\"async\" style=\"display:block; margin:0px auto 10px; text-align:center;cursor:pointer; cursor:hand;width: 398px; height: 400px;\" src=\"http:\/\/4.bp.blogspot.com\/_DSKVEvHtskc\/SputHt1sD_I\/AAAAAAAAFSQ\/gM3Rq_UOl_E\/s400\/baden+73+P.JPG\" border=\"0\" alt=\"\" id=\"BLOGGER_PHOTO_ID_5376080928272289778\" \/><\/a>Bom dia meus prezados amigos cultos e ocultos! Iniciando a semana com altos toques, que com toda a certeza ir\u00e3o agradar em cheio. Antes por\u00e9m, eu gostaria de informar que algumas postagens, principalmente as mais antigas, ainda est\u00e3o com seus respectivos links vencidos. A reposi\u00e7\u00e3o \u00e9 feita a medida em que os interessados por essas fazem o seu reclame. Estou tendo alguma dificuldade em encontrar os arquivos relacionados \u00e0s postagens dos discos de artistas latino americanos da chamada &#8220;Nueva Canci\u00f3n&#8221; e tamb\u00e9m dos portugueses. Normalmente eu tenho todos os arquivos prontos para reposi\u00e7\u00e3o, mas os citados acima, podem demorar um pouquinho. Por favor, aguardem. Espero que ainda na semana eu consiga resolver a situa\u00e7\u00e3o.<\/p>\n<div>Como disse, a semana promete&#8230; e para come\u00e7ar eu trago o genial Baden Powell num disco que, at\u00e9 ent\u00e3o, ainda n\u00e3o vi postado em nenhum outro blog. Mas independente de qualquer coisa, este \u00e9 um \u00e1lbum que merece estar aqui no Toque Musical.<\/div>\n<div>Em 1972 Baden Powell estava de f\u00e9rias na Fran\u00e7a quando recebeu uma proposta-convite para gravar por um selo franc\u00eas, o Festival, cinco discos. O artista n\u00e3o hesitou e mandou bala. Resolveu n\u00e3o voltar ao Rio e por l\u00e1 ficou para essas grava\u00e7\u00f5es. Recrutou um grupo de m\u00fasicos que ele j\u00e1 conhecia bem e partiu para o est\u00fadio. Dizem que dos cinco discos ele s\u00f3 gravou quatro, porque naquele momento n\u00e3o trazia consigo o seu viol\u00e3o (tudo bem, ele estava de f\u00e9rias!). O que seria o quinto disco, o &#8220;Samba Triste &#8211; Vol. 5&#8221;, s\u00f3 veio a aparecer em 1975. As grava\u00e7\u00f5es foram feitas em apenas dois dias. Cada um dos lps sa\u00edram com apenas oito faixas. &#8220;L&#8217;\u00e2me de Baden Powell&#8221; foi o primeiro volume. Embora conste em diversas publica\u00e7\u00f5es e at\u00e9 mesmo em encartes do relan\u00e7amentos como sendo lan\u00e7ados em 1971, todos os discos s\u00e3o na verdade do ano seguinte, 72. No Brasil este disco foi editado em 1973 pelo selo Imagem, igualzinho ao franc\u00eas. No repert\u00f3rio desses \u00e1lbuns predominam as composi\u00e7\u00f5es pr\u00f3prias e as de Tom Jobim. Neste temos as seguintes m\u00fasicas&#8230;<\/div>\n<div><\/div>\n<div style=\"text-align: center;\">o barquinho<\/div>\n<div style=\"text-align: center;\">eu e a brisa<\/div>\n<div style=\"text-align: center;\">vento vadio<\/div>\n<div style=\"text-align: center;\">palpite infeliz<\/div>\n<div style=\"text-align: center;\">samba do avi\u00e3o<\/div>\n<div style=\"text-align: center;\">retrato brasileiro<\/div>\n<div style=\"text-align: center;\">triste<\/div>\n<div style=\"text-align: center;\">eu n\u00e3o tenho ningu\u00e9m<\/div>\n<div style=\"text-align: center;\"><\/div>\n<div style=\"text-align: center;\"><\/div>\n","protected":false},"excerpt":{"rendered":"<p>Bom dia meus prezados amigos cultos e ocultos! Iniciando a semana com altos toques, que com toda a certeza ir\u00e3o agradar em cheio. Antes por\u00e9m, eu gostaria de informar que algumas postagens, principalmente as mais antigas, ainda est\u00e3o com seus &hellip; <a href=\"https:\/\/www.toque-musicall.com\/?p=1100\">Continue lendo <span class=\"meta-nav\">&rarr;<\/span><\/a><\/p>\n","protected":false},"author":1,"featured_media":0,"comment_status":"open","ping_status":"closed","sticky":false,"template":"","format":"standard","meta":{"footnotes":""},"categories":[391],"tags":[],"class_list":["post-1100","post","type-post","status-publish","format-standard","hentry","category-baden-powell"],"_links":{"self":[{"href":"https:\/\/www.toque-musicall.com\/index.php?rest_route=\/wp\/v2\/posts\/1100","targetHints":{"allow":["GET"]}}],"collection":[{"href":"https:\/\/www.toque-musicall.com\/index.php?rest_route=\/wp\/v2\/posts"}],"about":[{"href":"https:\/\/www.toque-musicall.com\/index.php?rest_route=\/wp\/v2\/types\/post"}],"author":[{"embeddable":true,"href":"https:\/\/www.toque-musicall.com\/index.php?rest_route=\/wp\/v2\/users\/1"}],"replies":[{"embeddable":true,"href":"https:\/\/www.toque-musicall.com\/index.php?rest_route=%2Fwp%2Fv2%2Fcomments&post=1100"}],"version-history":[{"count":0,"href":"https:\/\/www.toque-musicall.com\/index.php?rest_route=\/wp\/v2\/posts\/1100\/revisions"}],"wp:attachment":[{"href":"https:\/\/www.toque-musicall.com\/index.php?rest_route=%2Fwp%2Fv2%2Fmedia&parent=1100"}],"wp:term":[{"taxonomy":"category","embeddable":true,"href":"https:\/\/www.toque-musicall.com\/index.php?rest_route=%2Fwp%2Fv2%2Fcategories&post=1100"},{"taxonomy":"post_tag","embeddable":true,"href":"https:\/\/www.toque-musicall.com\/index.php?rest_route=%2Fwp%2Fv2%2Ftags&post=1100"}],"curies":[{"name":"wp","href":"https:\/\/api.w.org\/{rel}","templated":true}]}}