{"id":11002,"date":"2025-02-09T16:18:07","date_gmt":"2025-02-09T19:18:07","guid":{"rendered":"https:\/\/www.toque-musicall.com\/?p=11002"},"modified":"2025-03-10T16:21:27","modified_gmt":"2025-03-10T19:21:27","slug":"carlos-henry-compacto-1976","status":"publish","type":"post","link":"https:\/\/www.toque-musicall.com\/?p=11002","title":{"rendered":"Carlos Henry &#8211; Compacto (1976)"},"content":{"rendered":"\n<figure class=\"wp-block-image size-large\"><img decoding=\"async\" src=\"https:\/\/blogger.googleusercontent.com\/img\/b\/R29vZ2xl\/AVvXsEjxbWgnWIbifVogsDnbylNticg9a7e55wzBzGvJn10aPh76cMfeIO-9g0hss9OGpfjfE4qfCzy09qyoQ1UaaUMJ0lVfpidFspjPAmif0I1TgvF38IWeGg3S-wCtYqNBxcPYZCvTwGA7LOn2hTFgwcOINwoHfVjpdWS4uZ5v3GP9j77wzb472NmmIlhVd87j\/w640-h600\/capa.jpg\" alt=\"\"\/><\/figure>\n\n\n\n<figure class=\"wp-block-image size-large\"><img decoding=\"async\" src=\"https:\/\/blogger.googleusercontent.com\/img\/b\/R29vZ2xl\/AVvXsEja4qhBczpHIX3500P-KkV8jWoRGQHWZr_TQMVS4xmDlDlel6tkq1yTsSW5CXGytMwv3NGLoXK6iKoXb_Fz4Xpz5fK7EMTLOBleETI7vPNfQAeQ2LJub1UL1lDfpCfhcZUfPaYpCfHHIF_tPdkZ7-bwNOD4BeiOuUZ0MvhCUMudoR-peb08OymSrtgtJnkG\/w640-h634\/contra.jpg\" alt=\"\"\/><\/figure>\n\n\n<div class=\"separator\">Mais um compacto para a nossa mostra. Agora trazendo um raro exemplar do selo regional paraense, Erla, muito ativo nos anos 70. E entre seus artistas, temos Carlos Henry, cantor e compositor, nascido em Manaus, iniciou sua carreira participando de festivais. Embora tivesse todo o talento para a m\u00fasica, preferiu seguir a Medicina se tornando um renomado cardiologista. Chegou a gravar um lp e ao que parece, mantinha uma atividade musical paralela.<\/div>\n<div class=\"separator\">Neste seu primeiro disco, um compacto duplo, lan\u00e7ado em 1976, ele vem acompanhado de Guilherme Coutinho e seu regional e apresenta quatro boas composi\u00e7\u00f5es de sua autoria. Vale a pena conhecer&#8230;<\/div>\n<div class=\"separator\">\u00a0<\/div>\n<div class=\"separator\">bagagem<\/div>\n<div class=\"separator\">que se quebre<\/div>\n<div class=\"separator\">trevo de 4 folhas<\/div>\n<div class=\"separator\">chorinho<\/div>\n<div class=\"separator\">\u00a0<\/div>\n<div class=\"separator\">\u00a0<\/div>\n<div class=\"separator\">.<\/div>\n<p>&nbsp;<\/p>","protected":false},"excerpt":{"rendered":"<p>Mais um compacto para a nossa mostra. Agora trazendo um raro exemplar do selo regional paraense, Erla, muito ativo nos anos 70. E entre seus artistas, temos Carlos Henry, cantor e compositor, nascido em Manaus, iniciou sua carreira participando de &hellip; <a href=\"https:\/\/www.toque-musicall.com\/?p=11002\">Continue lendo <span class=\"meta-nav\">&rarr;<\/span><\/a><\/p>\n","protected":false},"author":1,"featured_media":0,"comment_status":"closed","ping_status":"closed","sticky":false,"template":"","format":"standard","meta":{"footnotes":""},"categories":[1],"tags":[5894,3072,5895],"class_list":["post-11002","post","type-post","status-publish","format-standard","hentry","category-sem-categoria","tag-carlos-henry","tag-compactos","tag-selo-erla"],"_links":{"self":[{"href":"https:\/\/www.toque-musicall.com\/index.php?rest_route=\/wp\/v2\/posts\/11002","targetHints":{"allow":["GET"]}}],"collection":[{"href":"https:\/\/www.toque-musicall.com\/index.php?rest_route=\/wp\/v2\/posts"}],"about":[{"href":"https:\/\/www.toque-musicall.com\/index.php?rest_route=\/wp\/v2\/types\/post"}],"author":[{"embeddable":true,"href":"https:\/\/www.toque-musicall.com\/index.php?rest_route=\/wp\/v2\/users\/1"}],"replies":[{"embeddable":true,"href":"https:\/\/www.toque-musicall.com\/index.php?rest_route=%2Fwp%2Fv2%2Fcomments&post=11002"}],"version-history":[{"count":1,"href":"https:\/\/www.toque-musicall.com\/index.php?rest_route=\/wp\/v2\/posts\/11002\/revisions"}],"predecessor-version":[{"id":11003,"href":"https:\/\/www.toque-musicall.com\/index.php?rest_route=\/wp\/v2\/posts\/11002\/revisions\/11003"}],"wp:attachment":[{"href":"https:\/\/www.toque-musicall.com\/index.php?rest_route=%2Fwp%2Fv2%2Fmedia&parent=11002"}],"wp:term":[{"taxonomy":"category","embeddable":true,"href":"https:\/\/www.toque-musicall.com\/index.php?rest_route=%2Fwp%2Fv2%2Fcategories&post=11002"},{"taxonomy":"post_tag","embeddable":true,"href":"https:\/\/www.toque-musicall.com\/index.php?rest_route=%2Fwp%2Fv2%2Ftags&post=11002"}],"curies":[{"name":"wp","href":"https:\/\/api.w.org\/{rel}","templated":true}]}}