{"id":11006,"date":"2025-02-10T09:39:32","date_gmt":"2025-02-10T12:39:32","guid":{"rendered":"https:\/\/www.toque-musicall.com\/?p=11006"},"modified":"2025-03-12T09:41:55","modified_gmt":"2025-03-12T12:41:55","slug":"claudia-compacto-japones-1968","status":"publish","type":"post","link":"https:\/\/www.toque-musicall.com\/?p=11006","title":{"rendered":"Claudia &#8211; Compacto Japon\u00eas (1968)"},"content":{"rendered":"\n<figure class=\"wp-block-image size-large\"><img decoding=\"async\" src=\"https:\/\/blogger.googleusercontent.com\/img\/b\/R29vZ2xl\/AVvXsEgSLR1VVLEPUI-_HO-xYAgXe2XkAYiJk6YEwXKeqAL6eyEgPRnbV4q5Z82szpKvQWOaHpUWUikgA5QyJyfC4iRq32d0MS9mOo5xDyanW3Bl4HNSCkRq493BIuQChAb90enlCpIxRUalJX7vGcJkSv31M_lIHhv46x0tvkG7OY_d0l3NxI-9QrWUFnPWqZ2D\/w640-h624\/capa%207%20(1).jpg\" alt=\"\"\/><\/figure>\n\n\n\n<figure class=\"wp-block-image size-large\"><img decoding=\"async\" src=\"https:\/\/blogger.googleusercontent.com\/img\/b\/R29vZ2xl\/AVvXsEg45kaRNxbGJacD45H6SQOsSw275H_eFeXj88yxf3uE8TjdPGkNEmWcITSopyZdzCWoJro5t41liSZvlnYO4djheKfqFhbLm7Jz0XE9maGTulnW4XenO4qQBhblVi0mdlh99SqKtw1tQGZ7nyvCu_C1wM_rDgeCAZIaHhiordtok-qwNONOKPVh7UI_eio8\/w640-h320\/int.JPG\" alt=\"\"\/><\/figure>\n\n\n\n<figure class=\"wp-block-image size-large\"><img decoding=\"async\" src=\"https:\/\/blogger.googleusercontent.com\/img\/b\/R29vZ2xl\/AVvXsEgUtCRbMB2f10R6vkVvXeWecLaexVOcrxTzTrJkBATJ11bjvPV3DSOQd-QFX8i29rQd5Wz5QaBPUcsA5woBVd1plpVgsj9My3B0ExxjbpmpXUigvSmCxuzM2C-sSZdTMLiCmSRP9kXTslCQ0H-ZUScEkOifQeDXPUCNgCrQsU5iCQw0PQfmBS9KUG1pcPOA\/w640-h620\/capa%207%20(2).jpg\" alt=\"\"\/><\/figure>\n\n\n<div class=\"separator\">Curiosidades fonomusicais&#8230; Desta vez, trazemos um compacto importado, disquinho de sete polegadas japon\u00eas. N\u00e3o \u00e9 de hoje que o Jap\u00e3o se liga na m\u00fasica brasileira e nos artistas brasileiros, com certeza! Na segunda metade dos anos 60 a cantora Claudia (ou Claudya, como passou a assinar), come\u00e7ando a se destacar no cen\u00e1rio nacional como cantora revela\u00e7\u00e3o, gravou seu primeiro lp, em 1967, pela Fermata e logo em seguida j\u00e1 estava excursionado fora do Brasil, no caso, no Jap\u00e3o onde ficou uma boa temporada e por l\u00e1 se apresentou ao lado do saxofonista Sadao Watanabe e gravou um lp com m\u00fasicos e maestro japon\u00eas. Este compacto aqui \u00e9 uma amostra com duas can\u00e7\u00f5es que por l\u00e1 fizeram muito sucesso.<\/div>\n<div class=\"separator\">\u00a0<\/div>\n<div class=\"separator\">meu corolla<\/div>\n<div class=\"separator\">vamos dansar la bossa nova<\/div>\n<div class=\"separator\">\u00a0<\/div>\n<div class=\"separator\">.<\/div>\n<div class=\"separator\">\u00a0<\/div>","protected":false},"excerpt":{"rendered":"<p>Curiosidades fonomusicais&#8230; Desta vez, trazemos um compacto importado, disquinho de sete polegadas japon\u00eas. N\u00e3o \u00e9 de hoje que o Jap\u00e3o se liga na m\u00fasica brasileira e nos artistas brasileiros, com certeza! Na segunda metade dos anos 60 a cantora Claudia &hellip; <a href=\"https:\/\/www.toque-musicall.com\/?p=11006\">Continue lendo <span class=\"meta-nav\">&rarr;<\/span><\/a><\/p>\n","protected":false},"author":1,"featured_media":0,"comment_status":"closed","ping_status":"closed","sticky":false,"template":"","format":"standard","meta":{"footnotes":""},"categories":[1],"tags":[4320,3072,5896],"class_list":["post-11006","post","type-post","status-publish","format-standard","hentry","category-sem-categoria","tag-claudia","tag-compactos","tag-selo-seven-seas"],"_links":{"self":[{"href":"https:\/\/www.toque-musicall.com\/index.php?rest_route=\/wp\/v2\/posts\/11006","targetHints":{"allow":["GET"]}}],"collection":[{"href":"https:\/\/www.toque-musicall.com\/index.php?rest_route=\/wp\/v2\/posts"}],"about":[{"href":"https:\/\/www.toque-musicall.com\/index.php?rest_route=\/wp\/v2\/types\/post"}],"author":[{"embeddable":true,"href":"https:\/\/www.toque-musicall.com\/index.php?rest_route=\/wp\/v2\/users\/1"}],"replies":[{"embeddable":true,"href":"https:\/\/www.toque-musicall.com\/index.php?rest_route=%2Fwp%2Fv2%2Fcomments&post=11006"}],"version-history":[{"count":1,"href":"https:\/\/www.toque-musicall.com\/index.php?rest_route=\/wp\/v2\/posts\/11006\/revisions"}],"predecessor-version":[{"id":11007,"href":"https:\/\/www.toque-musicall.com\/index.php?rest_route=\/wp\/v2\/posts\/11006\/revisions\/11007"}],"wp:attachment":[{"href":"https:\/\/www.toque-musicall.com\/index.php?rest_route=%2Fwp%2Fv2%2Fmedia&parent=11006"}],"wp:term":[{"taxonomy":"category","embeddable":true,"href":"https:\/\/www.toque-musicall.com\/index.php?rest_route=%2Fwp%2Fv2%2Fcategories&post=11006"},{"taxonomy":"post_tag","embeddable":true,"href":"https:\/\/www.toque-musicall.com\/index.php?rest_route=%2Fwp%2Fv2%2Ftags&post=11006"}],"curies":[{"name":"wp","href":"https:\/\/api.w.org\/{rel}","templated":true}]}}