{"id":11008,"date":"2025-02-11T13:12:09","date_gmt":"2025-02-11T16:12:09","guid":{"rendered":"https:\/\/www.toque-musicall.com\/?p=11008"},"modified":"2025-03-13T13:14:48","modified_gmt":"2025-03-13T16:14:48","slug":"alventino-calvacante-luizito-compacto-selo-cantagalo-196","status":"publish","type":"post","link":"https:\/\/www.toque-musicall.com\/?p=11008","title":{"rendered":"Alventino Calvacante &#8211; Luizito &#8211; Compacto Selo Cantagalo (196&#8230;)\u00a0"},"content":{"rendered":"\n<figure class=\"wp-block-image size-large\"><img decoding=\"async\" src=\"https:\/\/blogger.googleusercontent.com\/img\/b\/R29vZ2xl\/AVvXsEiCeJdF2o591YVOpiPi9iMa199CYEvYZ8NyVgFeZ5R_7euuCkTwIVFaIck_YyXhZWCbDlzJozgG6SfcixgQhHDvM75qsuOutIrhcCb5JihNo7YDshq3bIyaUdRly3YrK7XmoGplbAtNpHmJIamVevb9gEB05gtoiLqfTZJaW8hAHlai5p9NekoCf_RGDtyQ\/w636-h640\/lado%20a.JPG\" alt=\"\"\/><\/figure>\n\n\n\n<figure class=\"wp-block-image size-large\"><img decoding=\"async\" src=\"https:\/\/blogger.googleusercontent.com\/img\/b\/R29vZ2xl\/AVvXsEi1D7CwaOHAFLZ53WXtf5wxibFrbh6_l94d_M1gJQ53NskcE22k4Tkb_QttVVaBju1tBcE0ocpfkJuwg5rCTXUfSpRfsyEa2DpnJRjyiRqzTb-KW_fU_3WZ54KCDNO88E_xk0b6638U6ofh2jFCcfaAdSJxfM-UUoVLsQU87PxBMFN4bp9m07lSFkfC5QaI\/w634-h640\/lado%20b.JPG\" alt=\"\"\/><\/figure>\n\n\n<div class=\"separator\">E vamos aqui tamb\u00e9m refazendo algumas antigas postagens. Em um outro momento apresentamos no Toque Musical, &#8216;numa tacada s\u00f3&#8217;, v\u00e1rios disquinhos que hoje observando, vemos que ficaram escondidos atr\u00e1s de um t\u00edtulo de postagem que n\u00e3o levam a eles. Assim, vamos numa segunda chance&#8230;<\/div>\n<div class=\"separator\">Temos este compacto simples do selo Cantagalo e ao que tudo indica lan\u00e7ado nos anos 60. Trata-se de um compacto com apenas duas m\u00fasicas, sendo cada uma de artistas diferentes, os cantores Luizito e Alventino Cavalcante (lembrando que este \u00faltimo n\u00e3o \u00e9 o compositor Alventino Cavalvanti). Este compacto, cetamente era disco de r\u00e1dio, para promo\u00e7\u00e3o de m\u00fasicas e artistas, bancados pelas gravadoras. E deve ter sido lan\u00e7ado num momento como este, pr\u00e9-carnavalesco, pois s\u00e3o duas m\u00fasicas com esse esp\u00edrito, um samba e uma marchinha. Muito interessante, vale conhecer \ud83d\ude42<\/div>\n<div class=\"separator\">\u00a0<\/div>\n<div class=\"separator\">casamento bossa nova &#8211; alventino cavalcante<\/div>\n<div class=\"separator\">amor porque me faz sofrer &#8211; luizito<\/div>\n<div class=\"separator\">\u00a0<\/div>\n<div class=\"separator\">\u00a0<\/div>\n<div class=\"separator\">.<\/div>","protected":false},"excerpt":{"rendered":"<p>E vamos aqui tamb\u00e9m refazendo algumas antigas postagens. Em um outro momento apresentamos no Toque Musical, &#8216;numa tacada s\u00f3&#8217;, v\u00e1rios disquinhos que hoje observando, vemos que ficaram escondidos atr\u00e1s de um t\u00edtulo de postagem que n\u00e3o levam a eles. Assim, &hellip; <a href=\"https:\/\/www.toque-musicall.com\/?p=11008\">Continue lendo <span class=\"meta-nav\">&rarr;<\/span><\/a><\/p>\n","protected":false},"author":1,"featured_media":0,"comment_status":"closed","ping_status":"closed","sticky":false,"template":"","format":"standard","meta":{"footnotes":""},"categories":[1],"tags":[5897,3072,5898,5899],"class_list":["post-11008","post","type-post","status-publish","format-standard","hentry","category-sem-categoria","tag-alventino-cavalcante","tag-compactos","tag-luizito","tag-selo-cantagalo"],"_links":{"self":[{"href":"https:\/\/www.toque-musicall.com\/index.php?rest_route=\/wp\/v2\/posts\/11008","targetHints":{"allow":["GET"]}}],"collection":[{"href":"https:\/\/www.toque-musicall.com\/index.php?rest_route=\/wp\/v2\/posts"}],"about":[{"href":"https:\/\/www.toque-musicall.com\/index.php?rest_route=\/wp\/v2\/types\/post"}],"author":[{"embeddable":true,"href":"https:\/\/www.toque-musicall.com\/index.php?rest_route=\/wp\/v2\/users\/1"}],"replies":[{"embeddable":true,"href":"https:\/\/www.toque-musicall.com\/index.php?rest_route=%2Fwp%2Fv2%2Fcomments&post=11008"}],"version-history":[{"count":1,"href":"https:\/\/www.toque-musicall.com\/index.php?rest_route=\/wp\/v2\/posts\/11008\/revisions"}],"predecessor-version":[{"id":11009,"href":"https:\/\/www.toque-musicall.com\/index.php?rest_route=\/wp\/v2\/posts\/11008\/revisions\/11009"}],"wp:attachment":[{"href":"https:\/\/www.toque-musicall.com\/index.php?rest_route=%2Fwp%2Fv2%2Fmedia&parent=11008"}],"wp:term":[{"taxonomy":"category","embeddable":true,"href":"https:\/\/www.toque-musicall.com\/index.php?rest_route=%2Fwp%2Fv2%2Fcategories&post=11008"},{"taxonomy":"post_tag","embeddable":true,"href":"https:\/\/www.toque-musicall.com\/index.php?rest_route=%2Fwp%2Fv2%2Ftags&post=11008"}],"curies":[{"name":"wp","href":"https:\/\/api.w.org\/{rel}","templated":true}]}}