{"id":1101,"date":"2009-08-30T12:55:00","date_gmt":"2009-08-30T12:55:00","guid":{"rendered":"http:\/\/www.toque-musicall.com\/?p=1101"},"modified":"2009-08-30T12:55:00","modified_gmt":"2009-08-30T12:55:00","slug":"e-as-misses-escolheram-suas-musicas-preferidas-1959","status":"publish","type":"post","link":"https:\/\/www.toque-musicall.com\/?p=1101","title":{"rendered":"E As Misses Escolheram Suas M\u00fasicas Preferidas (1959)"},"content":{"rendered":"<p><a href=\"http:\/\/1.bp.blogspot.com\/_DSKVEvHtskc\/Spp3Kwe1oLI\/AAAAAAAAFSI\/Chz2gUoD644\/s1600-h\/as+misses+P.JPG\"><img decoding=\"async\" alt=\"\" border=\"0\" id=\"BLOGGER_PHOTO_ID_5375740131916751026\" src=\"http:\/\/1.bp.blogspot.com\/_DSKVEvHtskc\/Spp3Kwe1oLI\/AAAAAAAAFSI\/Chz2gUoD644\/s400\/as+misses+P.JPG\" style=\"cursor: hand; cursor: pointer; display: block; height: 400px; margin: 0px auto 10px; text-align: center; width: 393px;\" \/><\/a>Bom domingo, amigos cultos e ocultos! Hoje \u00e9 dia de descanso, mas eu vou ter que ir trabalhar. Havia at\u00e9 me esquecido desse extra, mas n\u00e3o poderei faltar. Acordei tarde e agora preciso correr&#8230; Mas n\u00e3o sem antes deixar aqui minha postagem do dia.<\/p>\n<div>H\u00e1 pouco mais de uma semana atr\u00e1s aconteceu o concurso de Miss Universo de 2009. A eleita foi a Miss Venzuela. Pelo que vi agora a pouco, ela realmente \u00e9 &#8216;um mulher\u00e3o&#8217;, muito bonita mesmo. Provavelmente n\u00e3o seria a minha escolhida, entre tantas outras beldades, sempre acabo preferindo uma que n\u00e3o ganhou. N\u00e3o vou nem ariscar na prefer\u00eancia, pois n\u00e3o tenho nem tempo para isso. A Miss Brasil deste ano, Larissa Costa, \u00e9 mesmo uma gata e deve ter ficado bem posicionada. Pessoalmente, acho as &#8216;misses&#8217; de hoje em dia muito magras e com uma beleza comum, muito evidente. Mas n\u00e3o h\u00e1 o que comparar, os tempos s\u00e3o outros e a est\u00e9tica tamb\u00e9m. Na minha inf\u00e2ncia, assistir o concurso da mais bela pela televis\u00e3o era um programa especial. A fam\u00edlia toda se juntava na sala para ver deste o concurso regional at\u00e9 o internacional. Era como assistir e acompanhar o campeonato de futebol. Hoje tudo mudou, eu n\u00e3o tenho mais o costume de ver o concurso de miss e tamb\u00e9m n\u00e3o acompanho mais meu time no campeonato. \u00c9 tudo &#8216;embroma\u00e7\u00e3o&#8217;&#8230;<\/div>\n<div>Movido por esse momento da beleza feminina, estou postando hoje um disco comemorativo do concurso Miss Brasil de 1959. Este \u00e9 um \u00f3timo exemplo de como era o evento daquela \u00e9poca. O \u00e1lbum lan\u00e7ado pela Odeon re\u00fane doze m\u00fasica, segundo o texto da contracapa, escolhidas pelas cinco finalistas. Como se pode ver, o repert\u00f3rio \u00e9 variado, incluindo temas nacionais e internacionais. Obviamente as escolhas se fizeram dentro do quadro musical que a gravadora oferecia, ou seja, dos artistas do selo. Mesmo assim n\u00e3o deixa de ser uma colet\u00e2nea interessante. Tenho certeza que muitos aqui ir\u00e3o relembrar esses momentos. <\/div>\n<div>Como de costume e tamb\u00e9m por falta de tempo e condi\u00e7\u00f5es t\u00e9cnicas apropriadas, o registro digital aqui vai cr\u00fa, apenas separadas as faixas. Gosto as vezes de relembrar isso, para que os recem chegados entendam a minha proposta e as condi\u00e7\u00f5es. Al\u00e9m do mais, prefiro deixar que cada um fa\u00e7a no arquivo o tratamento que achar melhor. Rapadura \u00e9 doce, mas tem que roer&#8230;<\/div>\n<div><\/div>\n<div style=\"text-align: center;\">feiti\u00e7o da vila &#8211; irany e seu conjunto<\/div>\n<div style=\"text-align: center;\">quero-te assim &#8211; silvia telles<\/div>\n<div style=\"text-align: center;\">la vie en rose &#8211; gaya e orquestra<\/div>\n<div style=\"text-align: center;\">estrada do sol &#8211; leo peracchi e orquestra<\/div>\n<div style=\"text-align: center;\">autumn leaves &#8211; orlando silveira e orquestra<\/div>\n<div style=\"text-align: center;\">can\u00e7\u00e3o da volta &#8211; walter e seu sax<\/div>\n<div style=\"text-align: center;\">por causa de voc\u00ea &#8211; leo peracchi e orquestra<\/div>\n<div style=\"text-align: center;\">love is a many splendored thing &#8211; steve bernard e seu conjunto<\/div>\n<div style=\"text-align: center;\">s\u00f3 voc\u00ea &#8211; orlando ribeiro<\/div>\n<div style=\"text-align: center;\">an affair to remember &#8211; conjunto mel\u00f3dico norberto baldauf<\/div>\n<div style=\"text-align: center;\">samba fant\u00e1stico &#8211; trio irakitan<\/div>\n<div style=\"text-align: center;\">around the world &#8211; faf\u00e1 lemos<\/div>\n<div style=\"text-align: center;\"><\/div>\n<div style=\"text-align: center;\"><\/div>\n","protected":false},"excerpt":{"rendered":"<p>Bom domingo, amigos cultos e ocultos! Hoje \u00e9 dia de descanso, mas eu vou ter que ir trabalhar. Havia at\u00e9 me esquecido desse extra, mas n\u00e3o poderei faltar. Acordei tarde e agora preciso correr&#8230; Mas n\u00e3o sem antes deixar aqui &hellip; <a href=\"https:\/\/www.toque-musicall.com\/?p=1101\">Continue lendo <span class=\"meta-nav\">&rarr;<\/span><\/a><\/p>\n","protected":false},"author":1,"featured_media":0,"comment_status":"open","ping_status":"closed","sticky":false,"template":"","format":"standard","meta":{"footnotes":""},"categories":[1390,86,1303],"tags":[],"class_list":["post-1101","post","type-post","status-publish","format-standard","hentry","category-e-as-misses-escolheram-suas-musicas-preferidas","category-selo-odeon","category-variados"],"_links":{"self":[{"href":"https:\/\/www.toque-musicall.com\/index.php?rest_route=\/wp\/v2\/posts\/1101","targetHints":{"allow":["GET"]}}],"collection":[{"href":"https:\/\/www.toque-musicall.com\/index.php?rest_route=\/wp\/v2\/posts"}],"about":[{"href":"https:\/\/www.toque-musicall.com\/index.php?rest_route=\/wp\/v2\/types\/post"}],"author":[{"embeddable":true,"href":"https:\/\/www.toque-musicall.com\/index.php?rest_route=\/wp\/v2\/users\/1"}],"replies":[{"embeddable":true,"href":"https:\/\/www.toque-musicall.com\/index.php?rest_route=%2Fwp%2Fv2%2Fcomments&post=1101"}],"version-history":[{"count":0,"href":"https:\/\/www.toque-musicall.com\/index.php?rest_route=\/wp\/v2\/posts\/1101\/revisions"}],"wp:attachment":[{"href":"https:\/\/www.toque-musicall.com\/index.php?rest_route=%2Fwp%2Fv2%2Fmedia&parent=1101"}],"wp:term":[{"taxonomy":"category","embeddable":true,"href":"https:\/\/www.toque-musicall.com\/index.php?rest_route=%2Fwp%2Fv2%2Fcategories&post=1101"},{"taxonomy":"post_tag","embeddable":true,"href":"https:\/\/www.toque-musicall.com\/index.php?rest_route=%2Fwp%2Fv2%2Ftags&post=1101"}],"curies":[{"name":"wp","href":"https:\/\/api.w.org\/{rel}","templated":true}]}}