{"id":11012,"date":"2025-02-13T08:26:22","date_gmt":"2025-02-13T11:26:22","guid":{"rendered":"https:\/\/www.toque-musicall.com\/?p=11012"},"modified":"2025-03-14T08:28:21","modified_gmt":"2025-03-14T11:28:21","slug":"aratanha-azul-compacto-1979","status":"publish","type":"post","link":"https:\/\/www.toque-musicall.com\/?p=11012","title":{"rendered":"Aratanha Azul &#8211; Compacto (1979)"},"content":{"rendered":"\n<figure class=\"wp-block-image size-large\"><img decoding=\"async\" src=\"https:\/\/blogger.googleusercontent.com\/img\/b\/R29vZ2xl\/AVvXsEiTbaaB-5v0oGDv-_xD9PeVJxWdnrWDOiN4bR_owqBzpf8lFQkO8XvSdWOFStDgPe_bquKd3Q8ure0xoxVS-ZCYCd-d04VvFP8vQIAkUwD5aVjbcjB5DtFkr9OzddnaWUP8p6RhYEGcOu2v0MedzssOXkt8aDqIQf3Bfjv5ShGxj9cxTrsBqKgiyZib-ps0\/w640-h640\/Capturar.JPG\" alt=\"\"\/><\/figure>\n\n\n\n<figure class=\"wp-block-image size-large\"><img decoding=\"async\" src=\"https:\/\/blogger.googleusercontent.com\/img\/b\/R29vZ2xl\/AVvXsEjZbgmo2qh_m9VhCGM8t1P-7do7OnnaoQMXXl4CCFhbkmkuyl9DM0hFHCpR1jG1gmXjERg9Ee1wcgSAsVFzSaejfiK0H1MPxAtaI-4unlDEDgj-lCyhJqTOHkRkt0OLndzT3pv1TMcUoGJwEhXcSBZCYwTNGym5tIer-phi_50HvTLeP8v2hrokG6nQf4X5\/w640-h638\/Capturarb.JPG\" alt=\"\"\/><\/figure>\n\n\n<div class=\"separator\">E desta vez vamos com um grupo pernambucano formado por quatro jovens adolescentes nos anos 70, o Aratanha Azul. A banda foi formada em 1974, no Recife. Em 1979 gravaram este compacto duplo de forma independente na f\u00e1brica de discos Rozenblit. O disco voltou a ser relan\u00e7ado em 2011 pelo selo gringo Mr. Bongo na leva de v\u00e1rios outros discos de rock, da lend\u00e1ria Rozenblit. Muito interessante, vale conhecer&#8230;<\/div>\n<div class=\"separator\">\u00a0<\/div>\n<div class=\"separator\">a hist\u00f3ria de vicente silva<\/div>\n<div class=\"separator\">escorregando<\/div>\n<div class=\"separator\">tema<\/div>\n<div>como os avi\u00f5es<\/div>\n<p>&nbsp;<\/p>\n<p>.<\/p>","protected":false},"excerpt":{"rendered":"<p>E desta vez vamos com um grupo pernambucano formado por quatro jovens adolescentes nos anos 70, o Aratanha Azul. A banda foi formada em 1974, no Recife. Em 1979 gravaram este compacto duplo de forma independente na f\u00e1brica de discos &hellip; <a href=\"https:\/\/www.toque-musicall.com\/?p=11012\">Continue lendo <span class=\"meta-nav\">&rarr;<\/span><\/a><\/p>\n","protected":false},"author":1,"featured_media":0,"comment_status":"closed","ping_status":"closed","sticky":false,"template":"","format":"standard","meta":{"footnotes":""},"categories":[1],"tags":[5900,3072,3017],"class_list":["post-11012","post","type-post","status-publish","format-standard","hentry","category-sem-categoria","tag-aratanha-azul","tag-compactos","tag-selo-independente"],"_links":{"self":[{"href":"https:\/\/www.toque-musicall.com\/index.php?rest_route=\/wp\/v2\/posts\/11012","targetHints":{"allow":["GET"]}}],"collection":[{"href":"https:\/\/www.toque-musicall.com\/index.php?rest_route=\/wp\/v2\/posts"}],"about":[{"href":"https:\/\/www.toque-musicall.com\/index.php?rest_route=\/wp\/v2\/types\/post"}],"author":[{"embeddable":true,"href":"https:\/\/www.toque-musicall.com\/index.php?rest_route=\/wp\/v2\/users\/1"}],"replies":[{"embeddable":true,"href":"https:\/\/www.toque-musicall.com\/index.php?rest_route=%2Fwp%2Fv2%2Fcomments&post=11012"}],"version-history":[{"count":1,"href":"https:\/\/www.toque-musicall.com\/index.php?rest_route=\/wp\/v2\/posts\/11012\/revisions"}],"predecessor-version":[{"id":11013,"href":"https:\/\/www.toque-musicall.com\/index.php?rest_route=\/wp\/v2\/posts\/11012\/revisions\/11013"}],"wp:attachment":[{"href":"https:\/\/www.toque-musicall.com\/index.php?rest_route=%2Fwp%2Fv2%2Fmedia&parent=11012"}],"wp:term":[{"taxonomy":"category","embeddable":true,"href":"https:\/\/www.toque-musicall.com\/index.php?rest_route=%2Fwp%2Fv2%2Fcategories&post=11012"},{"taxonomy":"post_tag","embeddable":true,"href":"https:\/\/www.toque-musicall.com\/index.php?rest_route=%2Fwp%2Fv2%2Ftags&post=11012"}],"curies":[{"name":"wp","href":"https:\/\/api.w.org\/{rel}","templated":true}]}}