{"id":11014,"date":"2025-02-14T08:28:39","date_gmt":"2025-02-14T11:28:39","guid":{"rendered":"https:\/\/www.toque-musicall.com\/?p=11014"},"modified":"2025-03-14T08:30:28","modified_gmt":"2025-03-14T11:30:28","slug":"deny-e-dino-1967","status":"publish","type":"post","link":"https:\/\/www.toque-musicall.com\/?p=11014","title":{"rendered":"Deny E Dino (1967)\u00a0"},"content":{"rendered":"\n<figure class=\"wp-block-image size-large\"><img decoding=\"async\" src=\"https:\/\/blogger.googleusercontent.com\/img\/b\/R29vZ2xl\/AVvXsEgdUBOCHXSqsJV6bp1Jy9qkw8lFs2OrBGNbro11gcA2oZG0h2qq159I5NfladSTBrAwPElkaYMRduyx_DimnWP43qKxg3L-5G-Rqco34wZR-ZvfEkGbqhWAD9gu_JuWs8gTh9iU3Nsh0-dCFTAzXIilA1dBVI_rGPltSMrFEwZra7NPSzh9TPwSMIs2M3_B\/w634-h640\/capa%2001.jpg\" alt=\"\"\/><\/figure>\n\n\n\n<figure class=\"wp-block-image size-large\"><img decoding=\"async\" src=\"https:\/\/blogger.googleusercontent.com\/img\/b\/R29vZ2xl\/AVvXsEgScESyXN69Xj0VVGbwulIbpaA5KKCdGBeGXGDOLTdifgoZD_zVrYuh1RvEb6TF6F5-ygs9QKfiHKqC95TB0oe94UCIXb0_lGzP-YI_-wHv4ATq_zDaCJl49AlB8cxMHQ8D6boYPg86-Eg4-ns0UdPu5J-LLPj_hHDFSPz0Cgd_j3QotfWYPXEl_yf8hNh8\/w632-h640\/capa%2002.jpg\" alt=\"\"\/><\/figure>\n\n\n<div class=\"separator\">Uma das melhores duplas do pop nacional e Jovem Guarda foi, sem d\u00favida, Deny e Dino que surgiram nos anos 60. Gravaram dezenas de compactos e alguns lps a partir de 66, pela Odeon. Dupla de cantores e compositores de sucesso que tem como destaque &#8220;Coruja&#8221;, musica lan\u00e7ada no primeiro disco e por certo levantando a bola dos rapazes que viriam ainda a fazer muito coisa. Aqui o segundo compacto duplo trazendo vers\u00f5es e composi\u00e7\u00f5es pr\u00f3prias, sucessos, com certeza!<\/div>\n<div class=\"separator\">\u00a0<\/div>\n<div class=\"separator\">o ci\u00fame<\/div>\n<div class=\"separator\">pare pare pare<\/div>\n<div class=\"separator\">pra ver voc\u00ea chorar<\/div>\n<div class=\"separator\">li\u00e7\u00e3o de moral<\/div>\n<div class=\"separator\">\u00a0<\/div>\n<div class=\"separator\">\u00a0<\/div>\n<div class=\"separator\">.<\/div>","protected":false},"excerpt":{"rendered":"<p>Uma das melhores duplas do pop nacional e Jovem Guarda foi, sem d\u00favida, Deny e Dino que surgiram nos anos 60. Gravaram dezenas de compactos e alguns lps a partir de 66, pela Odeon. Dupla de cantores e compositores de &hellip; <a href=\"https:\/\/www.toque-musicall.com\/?p=11014\">Continue lendo <span class=\"meta-nav\">&rarr;<\/span><\/a><\/p>\n","protected":false},"author":1,"featured_media":0,"comment_status":"closed","ping_status":"closed","sticky":false,"template":"","format":"standard","meta":{"footnotes":""},"categories":[1],"tags":[3072,3472,3153],"class_list":["post-11014","post","type-post","status-publish","format-standard","hentry","category-sem-categoria","tag-compactos","tag-deny-e-dino","tag-selo-odeon"],"_links":{"self":[{"href":"https:\/\/www.toque-musicall.com\/index.php?rest_route=\/wp\/v2\/posts\/11014","targetHints":{"allow":["GET"]}}],"collection":[{"href":"https:\/\/www.toque-musicall.com\/index.php?rest_route=\/wp\/v2\/posts"}],"about":[{"href":"https:\/\/www.toque-musicall.com\/index.php?rest_route=\/wp\/v2\/types\/post"}],"author":[{"embeddable":true,"href":"https:\/\/www.toque-musicall.com\/index.php?rest_route=\/wp\/v2\/users\/1"}],"replies":[{"embeddable":true,"href":"https:\/\/www.toque-musicall.com\/index.php?rest_route=%2Fwp%2Fv2%2Fcomments&post=11014"}],"version-history":[{"count":1,"href":"https:\/\/www.toque-musicall.com\/index.php?rest_route=\/wp\/v2\/posts\/11014\/revisions"}],"predecessor-version":[{"id":11015,"href":"https:\/\/www.toque-musicall.com\/index.php?rest_route=\/wp\/v2\/posts\/11014\/revisions\/11015"}],"wp:attachment":[{"href":"https:\/\/www.toque-musicall.com\/index.php?rest_route=%2Fwp%2Fv2%2Fmedia&parent=11014"}],"wp:term":[{"taxonomy":"category","embeddable":true,"href":"https:\/\/www.toque-musicall.com\/index.php?rest_route=%2Fwp%2Fv2%2Fcategories&post=11014"},{"taxonomy":"post_tag","embeddable":true,"href":"https:\/\/www.toque-musicall.com\/index.php?rest_route=%2Fwp%2Fv2%2Ftags&post=11014"}],"curies":[{"name":"wp","href":"https:\/\/api.w.org\/{rel}","templated":true}]}}