{"id":1102,"date":"2009-08-29T10:24:00","date_gmt":"2009-08-29T10:24:00","guid":{"rendered":"http:\/\/www.toque-musicall.com\/?p=1102"},"modified":"2009-08-29T10:24:00","modified_gmt":"2009-08-29T10:24:00","slug":"belchior-alucinacao-1976","status":"publish","type":"post","link":"https:\/\/www.toque-musicall.com\/?p=1102","title":{"rendered":"Belchior &#8211; Alucina\u00e7\u00e3o (1976)"},"content":{"rendered":"<p><a href=\"http:\/\/3.bp.blogspot.com\/_DSKVEvHtskc\/SpkQpA9j9QI\/AAAAAAAAFSA\/um55z5NrSQQ\/s1600-h\/belchior+P.JPG\"><img decoding=\"async\" style=\"display:block; margin:0px auto 10px; text-align:center;cursor:pointer; cursor:hand;width: 396px; height: 400px;\" src=\"http:\/\/3.bp.blogspot.com\/_DSKVEvHtskc\/SpkQpA9j9QI\/AAAAAAAAFSA\/um55z5NrSQQ\/s400\/belchior+P.JPG\" border=\"0\" alt=\"\" id=\"BLOGGER_PHOTO_ID_5375345927062287618\" \/><\/a>Ouvi dizer que est\u00e3o procurando o Belchior. Da\u00ed, resolvi dar uma &#8216;m\u00e3ozinha&#8217;. A \u00faltima vez que vi o velho rapaz latino americano foi em um v\u00f4o de Sampa para Cuiab\u00e1, numa escala na cidade de Ara\u00e7atuba, onde ele desceu. Me lembro que, de chacota, alguns passageiros lhe perguntavam se ele n\u00e3o tinha mais m\u00eado de avi\u00e3o. O cara pareceu n\u00e3o gostar muito da brincadeira. N\u00e3o deu muita bola para ningu\u00e9m. Desceu acompanhado por uma mulher (namorada, esposa, sei l\u00e1&#8230;) e dois outros caras que eu penso serem componentes de sua banda. O curioso disso tudo foi que isso aconteceu a pouco mais de um ano e meio. Seria aquele seu \u00faltimo momento p\u00fablico antes de sumir?<\/p>\n<div>Diante ao inusitado, resolvi colaborar e traz\u00ea-lo de volta, pelo menos aos ouvidos. Vou aproveitando a deixa, trago para voc\u00eas o \u00e1lbum &#8220;Alucina\u00e7\u00e3o&#8221;, um de seus melhores trabalhos. Um disco talvez bem comum pela sua popularidade e qualidade. Um cl\u00e1ssico da nossa MPB. Este nunca sa\u00ed de moda e vez por outra est\u00e1 sendo sempre relan\u00e7ado e at\u00e9 mesmo regravado pelo autor. A gente as vezes escuta o povo dizer que o Belchior virou um &#8216;cover&#8217; de si pr\u00f3prio, isso muito pelo fato dele estar sempre relembrando seus velhos sucessos, o que para mim, \u00e9 mais que natural. Sempre gostei do Belchior e principalmente cantando o que ele fez de melhor. Espero que este sumi\u00e7o seja apenas uma longa pausa e que em breve ele retorne. Aos que nunca gostaram do cantor\/compositor eu ofere\u00e7o a segunda faixa do lado 2, &#8220;N\u00e3o Leve Flores&#8221;. Viva o Belchior!<\/div>\n<div><\/div>\n<div style=\"text-align: center;\">apenas um rapaz latino americano<\/div>\n<div style=\"text-align: center;\">velha roupa colorida<\/div>\n<div style=\"text-align: center;\">como nossos pais<\/div>\n<div style=\"text-align: center;\">sujeito de sorte<\/div>\n<div style=\"text-align: center;\">como o diabo gosta<\/div>\n<div style=\"text-align: center;\">alucina\u00e7\u00e3o<\/div>\n<div style=\"text-align: center;\">n\u00e3o leve flores<\/div>\n<div style=\"text-align: center;\">a palo seco<\/div>\n<div style=\"text-align: center;\">fotografia 3&#215;4<\/div>\n<div style=\"text-align: center;\">antes do fim<\/div>\n<div style=\"text-align: center;\"><\/div>\n<div style=\"text-align: center;\"><\/div>\n","protected":false},"excerpt":{"rendered":"<p>Ouvi dizer que est\u00e3o procurando o Belchior. Da\u00ed, resolvi dar uma &#8216;m\u00e3ozinha&#8217;. A \u00faltima vez que vi o velho rapaz latino americano foi em um v\u00f4o de Sampa para Cuiab\u00e1, numa escala na cidade de Ara\u00e7atuba, onde ele desceu. Me &hellip; <a href=\"https:\/\/www.toque-musicall.com\/?p=1102\">Continue lendo <span class=\"meta-nav\">&rarr;<\/span><\/a><\/p>\n","protected":false},"author":1,"featured_media":0,"comment_status":"open","ping_status":"closed","sticky":false,"template":"","format":"standard","meta":{"footnotes":""},"categories":[1391],"tags":[],"class_list":["post-1102","post","type-post","status-publish","format-standard","hentry","category-belchior"],"_links":{"self":[{"href":"https:\/\/www.toque-musicall.com\/index.php?rest_route=\/wp\/v2\/posts\/1102","targetHints":{"allow":["GET"]}}],"collection":[{"href":"https:\/\/www.toque-musicall.com\/index.php?rest_route=\/wp\/v2\/posts"}],"about":[{"href":"https:\/\/www.toque-musicall.com\/index.php?rest_route=\/wp\/v2\/types\/post"}],"author":[{"embeddable":true,"href":"https:\/\/www.toque-musicall.com\/index.php?rest_route=\/wp\/v2\/users\/1"}],"replies":[{"embeddable":true,"href":"https:\/\/www.toque-musicall.com\/index.php?rest_route=%2Fwp%2Fv2%2Fcomments&post=1102"}],"version-history":[{"count":0,"href":"https:\/\/www.toque-musicall.com\/index.php?rest_route=\/wp\/v2\/posts\/1102\/revisions"}],"wp:attachment":[{"href":"https:\/\/www.toque-musicall.com\/index.php?rest_route=%2Fwp%2Fv2%2Fmedia&parent=1102"}],"wp:term":[{"taxonomy":"category","embeddable":true,"href":"https:\/\/www.toque-musicall.com\/index.php?rest_route=%2Fwp%2Fv2%2Fcategories&post=1102"},{"taxonomy":"post_tag","embeddable":true,"href":"https:\/\/www.toque-musicall.com\/index.php?rest_route=%2Fwp%2Fv2%2Ftags&post=1102"}],"curies":[{"name":"wp","href":"https:\/\/api.w.org\/{rel}","templated":true}]}}