{"id":11026,"date":"2025-02-20T20:17:57","date_gmt":"2025-02-20T23:17:57","guid":{"rendered":"https:\/\/www.toque-musicall.com\/?p=11026"},"modified":"2025-03-19T20:21:39","modified_gmt":"2025-03-19T23:21:39","slug":"samba-da-saudade-coletanea-1981","status":"publish","type":"post","link":"https:\/\/www.toque-musicall.com\/?p=11026","title":{"rendered":"Samba D\u00e1 Saudade &#8211; Colet\u00e2nea (1981)"},"content":{"rendered":"\n<figure class=\"wp-block-image size-large\"><img decoding=\"async\" src=\"https:\/\/blogger.googleusercontent.com\/img\/b\/R29vZ2xl\/AVvXsEjnqIDu4i0-Rf9wXzb0rPurf8-us87XjQVh5fEV7CaPLsMBnkiNF4-bUlb5uXBwkO_Ty3fVW0uuZB1TJmjCazsZo-0efS-9byEQ9L-xGUhfSIOfO203mHLnWnn9qjXRgnN1jXQB6vIt4Bh8seGMekCjomVrVU0kEOqayvYRVpw4wgGV9Jcr2O4-p0KzAfbb\/w640-h626\/Capturar.JPG\" alt=\"\"\/><\/figure>\n\n\n\n<figure class=\"wp-block-image size-large\"><img decoding=\"async\" src=\"https:\/\/blogger.googleusercontent.com\/img\/b\/R29vZ2xl\/AVvXsEhYSMHR0PjIzcq76MMYwZ8Wadc4EZPIb8pBJRkv5TGBQ_D1A7n6WvzWeq_bwLthFej0WZyvceZuth1rm1YzaHNf-0tQGUrrD39drOfEeqNzOOC0cECpxnmRcpTgR0QqMxM7TFA_qpxmbkpQGP05xfhMB0dqAZ7fKOm_BG8CboCnKnvLn2iIVjSmtPxK5yP9\/w636-h640\/Capturarb.JPG\" alt=\"\"\/><\/figure>\n\n\n<div class=\"separator\">Nas colet\u00e2neas de samba, temos agora esta lan\u00e7ada pelo selo Som Livre no in\u00edcio dos anos 80. Uma sele\u00e7\u00e3o que mais parece um playlist bem pessoal, sem muitos crit\u00e9rios al\u00e9m do pr\u00f3prio gosto. Isso, por\u00e9m, n\u00e3o faz da colet\u00e2nea algo negativo, muito pelo contr\u00e1rio, considerando a sele\u00e7\u00e3o dos fonogramas, artistas e m\u00fasicas de primeira linha em grava\u00e7\u00f5es originais. Vamos nessa, t\u00e1 compensando ouvir&#8230; \ud83d\ude42<\/div>\n<div class=\"separator\">\u00a0<\/div>\n<div class=\"separator\">porta aberta &#8211; luiz ayr\u00e3o<\/div>\n<div class=\"separator\">1800 colinas &#8211; beth carvalho<\/div>\n<div class=\"separator\">palha\u00e7ada &#8211; miltinho<\/div>\n<div class=\"separator\">batida de lim\u00e3o aroldo santos<\/div>\n<div class=\"separator\">regra tr\u00eas &#8211; toquinho e vin\u00edcius<\/div>\n<div class=\"separator\">m\u00e1scara negra &#8211; helena de lima<\/div>\n<div class=\"separator\">os meninos da mangueira &#8211; ataulfo jr<\/div>\n<div class=\"separator\">do lado direito da rua direita &#8211; os originais do samba<\/div>\n<div class=\"separator\">o conde &#8211; jair rodrigues<\/div>\n<div class=\"separator\">primeiro eu &#8211; elza soares<\/div>\n<div class=\"separator\">o pequeno burgu\u00eas &#8211; martinho da vila<\/div>\n<div class=\"separator\">tamanco malandrinho &#8211; tom e dito<\/div>\n<div class=\"separator\">\u00a0<\/div>\n<div class=\"separator\">\u00a0<\/div>\n<div class=\"separator\">.<\/div>","protected":false},"excerpt":{"rendered":"<p>Nas colet\u00e2neas de samba, temos agora esta lan\u00e7ada pelo selo Som Livre no in\u00edcio dos anos 80. Uma sele\u00e7\u00e3o que mais parece um playlist bem pessoal, sem muitos crit\u00e9rios al\u00e9m do pr\u00f3prio gosto. Isso, por\u00e9m, n\u00e3o faz da colet\u00e2nea algo &hellip; <a href=\"https:\/\/www.toque-musicall.com\/?p=11026\">Continue lendo <span class=\"meta-nav\">&rarr;<\/span><\/a><\/p>\n","protected":false},"author":1,"featured_media":0,"comment_status":"closed","ping_status":"closed","sticky":false,"template":"","format":"standard","meta":{"footnotes":""},"categories":[1],"tags":[5592,4224,3158,3646,5000,4221,3167,3037,5906],"class_list":["post-11026","post","type-post","status-publish","format-standard","hentry","category-sem-categoria","tag-aroldo-santos","tag-beth-carvalho","tag-coletanea","tag-elza-soares","tag-luiz-ayrao","tag-martinho-da-vila","tag-miltinho","tag-selo-som-livre","tag-tom-e-dito"],"_links":{"self":[{"href":"https:\/\/www.toque-musicall.com\/index.php?rest_route=\/wp\/v2\/posts\/11026","targetHints":{"allow":["GET"]}}],"collection":[{"href":"https:\/\/www.toque-musicall.com\/index.php?rest_route=\/wp\/v2\/posts"}],"about":[{"href":"https:\/\/www.toque-musicall.com\/index.php?rest_route=\/wp\/v2\/types\/post"}],"author":[{"embeddable":true,"href":"https:\/\/www.toque-musicall.com\/index.php?rest_route=\/wp\/v2\/users\/1"}],"replies":[{"embeddable":true,"href":"https:\/\/www.toque-musicall.com\/index.php?rest_route=%2Fwp%2Fv2%2Fcomments&post=11026"}],"version-history":[{"count":1,"href":"https:\/\/www.toque-musicall.com\/index.php?rest_route=\/wp\/v2\/posts\/11026\/revisions"}],"predecessor-version":[{"id":11027,"href":"https:\/\/www.toque-musicall.com\/index.php?rest_route=\/wp\/v2\/posts\/11026\/revisions\/11027"}],"wp:attachment":[{"href":"https:\/\/www.toque-musicall.com\/index.php?rest_route=%2Fwp%2Fv2%2Fmedia&parent=11026"}],"wp:term":[{"taxonomy":"category","embeddable":true,"href":"https:\/\/www.toque-musicall.com\/index.php?rest_route=%2Fwp%2Fv2%2Fcategories&post=11026"},{"taxonomy":"post_tag","embeddable":true,"href":"https:\/\/www.toque-musicall.com\/index.php?rest_route=%2Fwp%2Fv2%2Ftags&post=11026"}],"curies":[{"name":"wp","href":"https:\/\/api.w.org\/{rel}","templated":true}]}}