{"id":11028,"date":"2025-02-19T12:42:22","date_gmt":"2025-02-19T15:42:22","guid":{"rendered":"https:\/\/www.toque-musicall.com\/?p=11028"},"modified":"2025-03-23T12:44:46","modified_gmt":"2025-03-23T15:44:46","slug":"os-batuqueiros-e-as-mulatas-patola-o-siri-1975","status":"publish","type":"post","link":"https:\/\/www.toque-musicall.com\/?p=11028","title":{"rendered":"Os Batuqueiros E As Mulatas &#8211; Patola O Siri (1975)"},"content":{"rendered":"\n<figure class=\"wp-block-image size-large\"><img decoding=\"async\" src=\"https:\/\/blogger.googleusercontent.com\/img\/b\/R29vZ2xl\/AVvXsEj4vHg0QJf__ar0YxbauxJHYojLZbEbMEC24Mhh8jxIKVle2Y-x1jLqFSlAPUebVKCh5Ja0ylbFRQKHDMuRG30C332RrbUy0YEiipvsyYjO2pP2PXBzbL1bVhpT22kInjRowVxOjjcgisb8ce3vk-VgRq7NgROGzWvRe3PX3vd6G8I_I5hIpK5tGhl2ppuT\/w636-h640\/Capturar.JPG\" alt=\"\"\/><\/figure>\n\n\n\n<figure class=\"wp-block-image size-large\"><img decoding=\"async\" src=\"https:\/\/blogger.googleusercontent.com\/img\/b\/R29vZ2xl\/AVvXsEjyrn9lt2_mIO8DwvQi3Q0JoGLgcgyeg2j46ZMBZX1YtSUwre7iqo7WhoWWUuh1yAcIqDdntZAmTQ6rD3JJNLPlib2lQqOVrw-yYl6kTL11lcU8kb9M8w3_49XP2yVQLIpbAz8JDxZhXYKh2EWjHo3c4jqo_WQiX0Yk4PhuBZnXb_ZtqpfufGX8erYshqj4\/w630-h640\/Capturarb.JPG\" alt=\"\"\/><\/figure>\n\n\n<div class=\"separator\">Em um outro momento, aqui no Toque Musical, n\u00f3s apresentamos Os Batuqueiros e As Mulatas, em disco gravado em 1972. Foi uma postagem t\u00e3o crua que merece uma segunda chance. Mas enquanto a gente n\u00e3o digitaliza tudo de novo, vamos metendo bronca com o &#8220;Patola o siri&#8221;, outro disco bem bacana desse conjunto de sambistas que fez muito sucesso nos anos 70. Aqui uma sequencia de sambas, com destaque para um pot pourri de Martinho da Vila. Bem legal \ud83d\ude42<\/div>\n<div class=\"separator\">\u00a0<\/div>\n<div class=\"separator\">macunaima<\/div>\n<div class=\"separator\">zaquia jorge, estrela do suburbio vedete de madureira<\/div>\n<div class=\"separator\">nos confis de vila monte<\/div>\n<div class=\"separator\">patola o siri<\/div>\n<div class=\"separator\">nega do peito<\/div>\n<div class=\"separator\">fraqueza<\/div>\n<div class=\"separator\">dona flor e seus dois maridos<\/div>\n<div class=\"separator\">imagens po\u00e9ticas de jorge lima<\/div>\n<div class=\"separator\">o segredo das minas do rei salom\u00e3o<\/div>\n<div class=\"separator\">no silencio da madrugada<\/div>\n<div class=\"separator\">batendo a porta<\/div>\n<div class=\"separator\">meu sapato j\u00e1 furou<\/div>\n<div class=\"separator\">trag\u00e9dia no fundo do mar (o assassinato do camar\u00e3o)<\/div>\n<div class=\"separator\">na fazenda<\/div>\n<div class=\"separator\">conto de areia<\/div>\n<div class=\"separator\">meninos deus<\/div>\n<div class=\"separator\">homenagem a martinho da vila:<\/div>\n<div class=\"separator\">casa de bamba<\/div>\n<div class=\"separator\">pra que dinheiro<\/div>\n<div class=\"separator\">quem \u00e9 do mar n\u00e3o enjoa<\/div>\n<div class=\"separator\">o pequeno burgu\u00eas<\/div>\n<div class=\"separator\">segure tudo<\/div>\n<div class=\"separator\">calango longo<\/div>\n<div class=\"separator\">canta canta minha gente<\/div>\n<div class=\"separator\">disritmia<\/div>\n<div class=\"separator\">cada de bamba<\/div>\n<div class=\"separator\">\u00a0<\/div>\n<div class=\"separator\">\u00a0<\/div>\n<div class=\"separator\">.<\/div>","protected":false},"excerpt":{"rendered":"<p>Em um outro momento, aqui no Toque Musical, n\u00f3s apresentamos Os Batuqueiros e As Mulatas, em disco gravado em 1972. Foi uma postagem t\u00e3o crua que merece uma segunda chance. Mas enquanto a gente n\u00e3o digitaliza tudo de novo, vamos &hellip; <a href=\"https:\/\/www.toque-musicall.com\/?p=11028\">Continue lendo <span class=\"meta-nav\">&rarr;<\/span><\/a><\/p>\n","protected":false},"author":1,"featured_media":0,"comment_status":"closed","ping_status":"closed","sticky":false,"template":"","format":"standard","meta":{"footnotes":""},"categories":[1],"tags":[5907,3204],"class_list":["post-11028","post","type-post","status-publish","format-standard","hentry","category-sem-categoria","tag-os-batuqueiros-e-as-mulatas","tag-selo-rca-camden"],"_links":{"self":[{"href":"https:\/\/www.toque-musicall.com\/index.php?rest_route=\/wp\/v2\/posts\/11028","targetHints":{"allow":["GET"]}}],"collection":[{"href":"https:\/\/www.toque-musicall.com\/index.php?rest_route=\/wp\/v2\/posts"}],"about":[{"href":"https:\/\/www.toque-musicall.com\/index.php?rest_route=\/wp\/v2\/types\/post"}],"author":[{"embeddable":true,"href":"https:\/\/www.toque-musicall.com\/index.php?rest_route=\/wp\/v2\/users\/1"}],"replies":[{"embeddable":true,"href":"https:\/\/www.toque-musicall.com\/index.php?rest_route=%2Fwp%2Fv2%2Fcomments&post=11028"}],"version-history":[{"count":1,"href":"https:\/\/www.toque-musicall.com\/index.php?rest_route=\/wp\/v2\/posts\/11028\/revisions"}],"predecessor-version":[{"id":11029,"href":"https:\/\/www.toque-musicall.com\/index.php?rest_route=\/wp\/v2\/posts\/11028\/revisions\/11029"}],"wp:attachment":[{"href":"https:\/\/www.toque-musicall.com\/index.php?rest_route=%2Fwp%2Fv2%2Fmedia&parent=11028"}],"wp:term":[{"taxonomy":"category","embeddable":true,"href":"https:\/\/www.toque-musicall.com\/index.php?rest_route=%2Fwp%2Fv2%2Fcategories&post=11028"},{"taxonomy":"post_tag","embeddable":true,"href":"https:\/\/www.toque-musicall.com\/index.php?rest_route=%2Fwp%2Fv2%2Ftags&post=11028"}],"curies":[{"name":"wp","href":"https:\/\/api.w.org\/{rel}","templated":true}]}}