{"id":11032,"date":"2025-02-22T12:47:52","date_gmt":"2025-02-22T15:47:52","guid":{"rendered":"https:\/\/www.toque-musicall.com\/?p=11032"},"modified":"2025-03-23T12:49:28","modified_gmt":"2025-03-23T15:49:28","slug":"jovelinha-perola-negra-1986","status":"publish","type":"post","link":"https:\/\/www.toque-musicall.com\/?p=11032","title":{"rendered":"Jovelinha &#8211; P\u00e9rola Negra (1986)\u00a0"},"content":{"rendered":"\n<figure class=\"wp-block-image size-large\"><img decoding=\"async\" src=\"https:\/\/blogger.googleusercontent.com\/img\/b\/R29vZ2xl\/AVvXsEjuGjA4jtWdz89d5Qtj7cz3FNIwUFbz6IHtaucqIMjcjzmA-xOD3VszP7ml9ZfeqzSDmvC7vIdW3UUcECqPVkgdGWN2QxzWMlmftyEGXrZmgJGLXSJr8USgVsVh1YP67WyeOGgGLWqNME3kh6BNiAvCiUY1u-qA77rVXD0jG2MPhyphenhyphenWbKFQQ2JHaO17cVNog\/w640-h640\/Capturarb.JPG\" alt=\"\"\/><\/figure>\n\n\n\n<figure class=\"wp-block-image size-large\"><img decoding=\"async\" src=\"https:\/\/blogger.googleusercontent.com\/img\/b\/R29vZ2xl\/AVvXsEgToInAnB8eMLm5WiJluVb3uFi0ks2pcUAqf7OOEHHQPi4vUg3YDMrajXKXaHjDe6nUZWTsJRWMtw5U6dsj4w_HatAG1hgDgqrqH6JEtZnO3oqiaOkp4umsj_Mi4IM8_DDeBMbRCSS28EJ2Jv0cfS7GVFeciRRlRA8WUMDnlJV-DHEQ2eFDIg9IHHggUONU\/w640-h628\/Capturar.JPG\" alt=\"\"\/><\/figure>\n\n\n<div class=\"separator\">Nosso encontro hoje \u00e9 com Jovelina P\u00e9rola Negra, uma das grande divas do samba e do pagode. Uma artista que infelizmente, em vida, n\u00e3o recebeu todas as honras que merece. Cantora e compositora carioca, esteve presente nas melhores rodas de samba e ao lado dos maiores bambas. Sua figura encarna, inevitalemente, a lembran\u00e7a de outra diva, Clementina de Jesus. Ao longo de sua carreira gravou uma dezena de discos, os quais hoje em dia se tornaram dif\u00edcieis de encontrar. Os gringos j\u00e1 passaram a m\u00e3o em tudo. Aqui temos ela em seu primeiro disco, lan\u00e7ado pela RGE em 1986.<\/div>\n<div class=\"separator\">\u00a0<\/div>\n<div class=\"separator\">o dia se zangou<\/div>\n<div class=\"separator\">pagod no serrado<\/div>\n<div class=\"separator\">boogie woogie na favela<\/div>\n<div class=\"separator\">preparo da vov\u00f3<\/div>\n<div class=\"separator\">menina voc\u00ea bebeu<\/div>\n<div class=\"separator\">\u00e1gua de po\u00e7o<\/div>\n<div class=\"separator\">la\u00e7os e peda\u00e7os<\/div>\n<div class=\"separator\">rabo de saia<\/div>\n<div class=\"separator\">maria tristeza<\/div>\n<div class=\"separator\">camar\u00e3o com xuxu<\/div>\n<div class=\"separator\">chora viola<\/div>\n<div class=\"separator\">\u00e9 isso que eu mere\u00e7o<\/div>\n<div class=\"separator\">\u00a0<\/div>\n<div class=\"separator\">\u00a0<\/div>\n<div class=\"separator\">.<\/div>","protected":false},"excerpt":{"rendered":"<p>Nosso encontro hoje \u00e9 com Jovelina P\u00e9rola Negra, uma das grande divas do samba e do pagode. Uma artista que infelizmente, em vida, n\u00e3o recebeu todas as honras que merece. Cantora e compositora carioca, esteve presente nas melhores rodas de &hellip; <a href=\"https:\/\/www.toque-musicall.com\/?p=11032\">Continue lendo <span class=\"meta-nav\">&rarr;<\/span><\/a><\/p>\n","protected":false},"author":1,"featured_media":0,"comment_status":"closed","ping_status":"closed","sticky":false,"template":"","format":"standard","meta":{"footnotes":""},"categories":[1],"tags":[5909,3091],"class_list":["post-11032","post","type-post","status-publish","format-standard","hentry","category-sem-categoria","tag-jovelina-perola-negra","tag-selo-rge"],"_links":{"self":[{"href":"https:\/\/www.toque-musicall.com\/index.php?rest_route=\/wp\/v2\/posts\/11032","targetHints":{"allow":["GET"]}}],"collection":[{"href":"https:\/\/www.toque-musicall.com\/index.php?rest_route=\/wp\/v2\/posts"}],"about":[{"href":"https:\/\/www.toque-musicall.com\/index.php?rest_route=\/wp\/v2\/types\/post"}],"author":[{"embeddable":true,"href":"https:\/\/www.toque-musicall.com\/index.php?rest_route=\/wp\/v2\/users\/1"}],"replies":[{"embeddable":true,"href":"https:\/\/www.toque-musicall.com\/index.php?rest_route=%2Fwp%2Fv2%2Fcomments&post=11032"}],"version-history":[{"count":1,"href":"https:\/\/www.toque-musicall.com\/index.php?rest_route=\/wp\/v2\/posts\/11032\/revisions"}],"predecessor-version":[{"id":11033,"href":"https:\/\/www.toque-musicall.com\/index.php?rest_route=\/wp\/v2\/posts\/11032\/revisions\/11033"}],"wp:attachment":[{"href":"https:\/\/www.toque-musicall.com\/index.php?rest_route=%2Fwp%2Fv2%2Fmedia&parent=11032"}],"wp:term":[{"taxonomy":"category","embeddable":true,"href":"https:\/\/www.toque-musicall.com\/index.php?rest_route=%2Fwp%2Fv2%2Fcategories&post=11032"},{"taxonomy":"post_tag","embeddable":true,"href":"https:\/\/www.toque-musicall.com\/index.php?rest_route=%2Fwp%2Fv2%2Ftags&post=11032"}],"curies":[{"name":"wp","href":"https:\/\/api.w.org\/{rel}","templated":true}]}}