{"id":11034,"date":"2025-02-23T12:49:44","date_gmt":"2025-02-23T15:49:44","guid":{"rendered":"https:\/\/www.toque-musicall.com\/?p=11034"},"modified":"2025-03-23T12:53:10","modified_gmt":"2025-03-23T15:53:10","slug":"marquinhos-sata-graca-divina-1989","status":"publish","type":"post","link":"https:\/\/www.toque-musicall.com\/?p=11034","title":{"rendered":"Marquinhos Sat\u00e3 &#8211; Gra\u00e7a Divina (1989)"},"content":{"rendered":"\n<figure class=\"wp-block-image size-large\"><img decoding=\"async\" src=\"https:\/\/blogger.googleusercontent.com\/img\/b\/R29vZ2xl\/AVvXsEh1Gk1dKfzl_PHDncDGmrIg9DckBl2iwEoJm19pXq0J_g9mmSBeRiDzxaPaExszMU6Uw8pCYaayZmWlr2lOsuen40UQrwrbNKFaVVrPhArNolC00mrh5fFZlc-zJB5V6gIzoPVnm76AUh6LvDX_43_1RGCef6RT50GeW6bFaLJeLe05Wh9WqGo5AfRn8y0W\/w622-h640\/Capturar.JPG\" alt=\"\"\/><\/figure>\n\n\n\n<figure class=\"wp-block-image size-large\"><img decoding=\"async\" src=\"https:\/\/blogger.googleusercontent.com\/img\/b\/R29vZ2xl\/AVvXsEi5UhJWBo95bczJfXJ7iFSS2i3M1owBjVMsTEuoF25wE1QPG6w7yP3N6JhBd63htkpgkmy7qwHpPvnnESNRF_tsylsB9bBxBAzFSAPQK3N5YC-d881yIBp4xYHldCy60xCqXToFfZbedAEoXpxLY83kW2dcqtYm3rw07HS5yws94oI5tQFsJwPhqT5tOgay\/w640-h630\/Capturarb.JPG\" alt=\"\"\/><\/figure>\n\n\n<div class=\"separator\">Seguindo e sambando, vamos hoje com o sambista, cantor e compositor Marquinhos Sat\u00e3. Artista que come\u00e7ou a se destacar nos anos 80. De l\u00e1 pra c\u00e1 gravou diversos discos, sendo este que apresentamos o \u00faltimo da gera\u00e7\u00e3o vinil e tamb\u00e9m o primeiro em cd. Curioso notar seu nome art\u00edstico, Sat\u00e3 e mais ainda o nome do disco, &#8220;Gra\u00e7a Divina&#8221;. Deus e o Diabo na terra do sol, kkkkk&#8230; N\u00e3o sei se foi por quest\u00e3o da numerologia, coisa comum entre os artistas, o fato \u00e9 que Marquinhos mudou para Sathan, sobrenome esse que ele tinha usado em inicio de carreira.\u00a0<\/div>\n<div class=\"separator\">Quanto a &#8220;Gra\u00e7a Divina&#8221;, este \u00e9 um disco que surpreende. Um trabalho bem produzido, com bons arranjos e um time de excelentes m\u00fasicos que fazem deste mais que um simples disco de sambas, mas um aut\u00eantico disco de m\u00fasica popular brasileira.<\/div>\n<div class=\"separator\">\u00a0<\/div>\n<div class=\"separator\">jogo de azar<\/div>\n<div class=\"separator\">meiga presen\u00e7a<\/div>\n<div class=\"separator\">mil reis<\/div>\n<div class=\"separator\">mundo da ilus\u00e3o<\/div>\n<div class=\"separator\">elos de um querer<\/div>\n<div class=\"separator\">s\u00f3 de pirra\u00e7a<\/div>\n<div class=\"separator\">lentamente<\/div>\n<div class=\"separator\">calmaria e vendaval<\/div>\n<div class=\"separator\">a que mais deixa saudade<\/div>\n<div class=\"separator\">menu diferente<\/div>\n<div class=\"separator\">de repente<\/div>\n<div class=\"separator\">meu xod\u00f3<\/div>\n<div class=\"separator\">\u00a0<\/div>\n<div class=\"separator\">\u00a0<\/div>\n<div class=\"separator\">.<\/div>","protected":false},"excerpt":{"rendered":"<p>Seguindo e sambando, vamos hoje com o sambista, cantor e compositor Marquinhos Sat\u00e3. Artista que come\u00e7ou a se destacar nos anos 80. De l\u00e1 pra c\u00e1 gravou diversos discos, sendo este que apresentamos o \u00faltimo da gera\u00e7\u00e3o vinil e tamb\u00e9m &hellip; <a href=\"https:\/\/www.toque-musicall.com\/?p=11034\">Continue lendo <span class=\"meta-nav\">&rarr;<\/span><\/a><\/p>\n","protected":false},"author":1,"featured_media":0,"comment_status":"closed","ping_status":"closed","sticky":false,"template":"","format":"standard","meta":{"footnotes":""},"categories":[1],"tags":[5910,5911],"class_list":["post-11034","post","type-post","status-publish","format-standard","hentry","category-sem-categoria","tag-marquinhos-sata","tag-selo-zappelli"],"_links":{"self":[{"href":"https:\/\/www.toque-musicall.com\/index.php?rest_route=\/wp\/v2\/posts\/11034","targetHints":{"allow":["GET"]}}],"collection":[{"href":"https:\/\/www.toque-musicall.com\/index.php?rest_route=\/wp\/v2\/posts"}],"about":[{"href":"https:\/\/www.toque-musicall.com\/index.php?rest_route=\/wp\/v2\/types\/post"}],"author":[{"embeddable":true,"href":"https:\/\/www.toque-musicall.com\/index.php?rest_route=\/wp\/v2\/users\/1"}],"replies":[{"embeddable":true,"href":"https:\/\/www.toque-musicall.com\/index.php?rest_route=%2Fwp%2Fv2%2Fcomments&post=11034"}],"version-history":[{"count":1,"href":"https:\/\/www.toque-musicall.com\/index.php?rest_route=\/wp\/v2\/posts\/11034\/revisions"}],"predecessor-version":[{"id":11035,"href":"https:\/\/www.toque-musicall.com\/index.php?rest_route=\/wp\/v2\/posts\/11034\/revisions\/11035"}],"wp:attachment":[{"href":"https:\/\/www.toque-musicall.com\/index.php?rest_route=%2Fwp%2Fv2%2Fmedia&parent=11034"}],"wp:term":[{"taxonomy":"category","embeddable":true,"href":"https:\/\/www.toque-musicall.com\/index.php?rest_route=%2Fwp%2Fv2%2Fcategories&post=11034"},{"taxonomy":"post_tag","embeddable":true,"href":"https:\/\/www.toque-musicall.com\/index.php?rest_route=%2Fwp%2Fv2%2Ftags&post=11034"}],"curies":[{"name":"wp","href":"https:\/\/api.w.org\/{rel}","templated":true}]}}