{"id":11036,"date":"2025-02-24T18:39:44","date_gmt":"2025-02-24T21:39:44","guid":{"rendered":"https:\/\/www.toque-musicall.com\/?p=11036"},"modified":"2025-03-24T18:42:33","modified_gmt":"2025-03-24T21:42:33","slug":"razao-brasileira-1993","status":"publish","type":"post","link":"https:\/\/www.toque-musicall.com\/?p=11036","title":{"rendered":"Raz\u00e3o Brasileira (1993)"},"content":{"rendered":"\n<figure class=\"wp-block-image size-large\"><img decoding=\"async\" src=\"https:\/\/blogger.googleusercontent.com\/img\/b\/R29vZ2xl\/AVvXsEiXwrM-Fx8iuo4GYXOlgqJ54kzi_3_SKUnJ3z5CjBnAZ-10GI_P__Hyet-d2WZmNcwm-W762Wyhp0pvVL4BG7kefBO6HgOAb6tM5Dxa1G8H2s4D5AnlkRGFUih3pHOmoEF-22qpmVIjtCZIXhJY3LnXLHTv_A0tDsKcyLRxupzMjaF7gHfYeiBZ3nxirrsj\/w640-h638\/Capturar.JPG\" alt=\"\"\/><\/figure>\n\n\n\n<figure class=\"wp-block-image size-large\"><img decoding=\"async\" src=\"https:\/\/blogger.googleusercontent.com\/img\/b\/R29vZ2xl\/AVvXsEiW6vgPF5G1s07xUU-7thQK-lkimqpjxkDHFe3IUDnSfXI67-doq-3FRjCoNqTk0ej-Th9XjGxMrh4Efu2yjg6OmJxYmlhHVtNEuBaHPr3kuAJ3F17J8hKjouqtpXBLxzd7XTJM2qjU9_DV3Dvnj6pmDBfkCCRXpTOpUmNqM7s0ZDIK9akPpJIs0jvsuQOD\/w640-h638\/Capturarb.JPG\" alt=\"\"\/><\/figure>\n\n\n<div class=\"separator\">No leque de variedades do samba, vamos agora com o grupo Raz\u00e3o Brasileira em seu primeiro disco, lan\u00e7ado em 1993 pela EMI. A banda surgiu dez anos antes, no Rio de Janeiro, mas a partir deste disco eles viriam a se tornar uma consagra\u00e7\u00e3o, gravando v\u00e1rios outros discos e fazendo apresenta\u00e7\u00f5es n\u00e3o apenas pelo Brasil, mas tamb\u00e9m pela Europa e Jap\u00e3o. Neste lp de estr\u00e9ia temos sucessos como &#8220;Eu menti&#8221; e &#8220;Naturalmente&#8221;, um &#8216;pot pourri&#8217; de Lulu Santos, uma vers\u00e3o empagodada de &#8220;Maluco beleza&#8221;, de Raul Seixas e ainda &#8220;Revela\u00e7\u00e3o&#8221;, de Fagner e outras&#8230; Assim come\u00e7ou o pagode, um formato garantido de sucesso.<\/div>\n<div class=\"separator\">\u00a0<\/div>\n<div class=\"separator\">eu menti<\/div>\n<div class=\"separator\">quem \u00e9 voc\u00ea<\/div>\n<div class=\"separator\">revela\u00e7\u00e3o<\/div>\n<div class=\"separator\">voc\u00ea e a solid\u00e3o<\/div>\n<div class=\"separator\">maluco beleza<\/div>\n<div class=\"separator\">luar de mel<\/div>\n<div class=\"separator\">naturalmente<\/div>\n<div class=\"separator\">afinal<\/div>\n<div class=\"separator\">de repente california<\/div>\n<div class=\"separator\">adivinha o que \u00e9<\/div>\n<div class=\"separator\">um certo algu\u00e9m<\/div>\n<div class=\"separator\">o ultimo rom\u00e2ntico<\/div>\n<div class=\"separator\">como uma onda<\/div>\n<div class=\"separator\">r\u00e9u confesso<\/div>\n<div class=\"separator\">andan\u00e7a<\/div>\n<div class=\"separator\">faixa nobre<\/div>\n<div class=\"separator\">\u00a0<\/div>\n<div class=\"separator\">\u00a0<\/div>\n<div class=\"separator\">.<\/div>","protected":false},"excerpt":{"rendered":"<p>No leque de variedades do samba, vamos agora com o grupo Raz\u00e3o Brasileira em seu primeiro disco, lan\u00e7ado em 1993 pela EMI. A banda surgiu dez anos antes, no Rio de Janeiro, mas a partir deste disco eles viriam a &hellip; <a href=\"https:\/\/www.toque-musicall.com\/?p=11036\">Continue lendo <span class=\"meta-nav\">&rarr;<\/span><\/a><\/p>\n","protected":false},"author":1,"featured_media":0,"comment_status":"closed","ping_status":"closed","sticky":false,"template":"","format":"standard","meta":{"footnotes":""},"categories":[1],"tags":[5912,3639],"class_list":["post-11036","post","type-post","status-publish","format-standard","hentry","category-sem-categoria","tag-razao-brasileira","tag-selo-emi"],"_links":{"self":[{"href":"https:\/\/www.toque-musicall.com\/index.php?rest_route=\/wp\/v2\/posts\/11036","targetHints":{"allow":["GET"]}}],"collection":[{"href":"https:\/\/www.toque-musicall.com\/index.php?rest_route=\/wp\/v2\/posts"}],"about":[{"href":"https:\/\/www.toque-musicall.com\/index.php?rest_route=\/wp\/v2\/types\/post"}],"author":[{"embeddable":true,"href":"https:\/\/www.toque-musicall.com\/index.php?rest_route=\/wp\/v2\/users\/1"}],"replies":[{"embeddable":true,"href":"https:\/\/www.toque-musicall.com\/index.php?rest_route=%2Fwp%2Fv2%2Fcomments&post=11036"}],"version-history":[{"count":1,"href":"https:\/\/www.toque-musicall.com\/index.php?rest_route=\/wp\/v2\/posts\/11036\/revisions"}],"predecessor-version":[{"id":11037,"href":"https:\/\/www.toque-musicall.com\/index.php?rest_route=\/wp\/v2\/posts\/11036\/revisions\/11037"}],"wp:attachment":[{"href":"https:\/\/www.toque-musicall.com\/index.php?rest_route=%2Fwp%2Fv2%2Fmedia&parent=11036"}],"wp:term":[{"taxonomy":"category","embeddable":true,"href":"https:\/\/www.toque-musicall.com\/index.php?rest_route=%2Fwp%2Fv2%2Fcategories&post=11036"},{"taxonomy":"post_tag","embeddable":true,"href":"https:\/\/www.toque-musicall.com\/index.php?rest_route=%2Fwp%2Fv2%2Ftags&post=11036"}],"curies":[{"name":"wp","href":"https:\/\/api.w.org\/{rel}","templated":true}]}}