{"id":11040,"date":"2025-02-26T20:00:02","date_gmt":"2025-02-26T23:00:02","guid":{"rendered":"https:\/\/www.toque-musicall.com\/?p=11040"},"modified":"2025-03-24T20:00:11","modified_gmt":"2025-03-24T23:00:11","slug":"os-cinco-crioulos-samba-no-duro-1967","status":"publish","type":"post","link":"https:\/\/www.toque-musicall.com\/?p=11040","title":{"rendered":"Os Cinco Crioulos &#8211; Samba No Duro (1967)"},"content":{"rendered":"\n<figure class=\"wp-block-image size-large\"><img decoding=\"async\" src=\"https:\/\/blogger.googleusercontent.com\/img\/b\/R29vZ2xl\/AVvXsEgFQnWJp4gM5-t-Kl7gtV7HPln2xo3OEKAZmejdqTUmlUGUFUW2iapxEczclQGtvnaJA6L8JReD_EhDZqXuEAgwsqlAN52a-QS0w177aSy1NgKbZgJjVV2IXKb43IQ1wGCnTVsVYa17Wk3tWmFrbEtqxCnYRuCg0lwVPX3_me14rOiTsbpxC_HVDnOfQKtx\/w640-h628\/Capturar.JPG\" alt=\"\"\/><\/figure>\n\n\n\n<figure class=\"wp-block-image size-large\"><img decoding=\"async\" src=\"https:\/\/blogger.googleusercontent.com\/img\/b\/R29vZ2xl\/AVvXsEhNNTHWmdZIBDUo1wa9ZDgkAoH9wdU4sQ4AxZfK8NMvym7a0QwF8ZrGUE_1tCajG2mAfFvQUuVCKK06TG3KVrPSb0qptiN8FmPOUpnQ41mo5kqVHEF3FcL4r5HGGSJ6ctYEmOWj9hb2b1oOPyRxAQF_5fg9LvqG_793Sl2FUQVlgEbjYoLTCxraXRwGyVYR\/w640-h628\/Capturarb.JPG\" alt=\"\"\/><\/figure>\n\n\n<div class=\"separator\">Um cl\u00e1ssico do samba. Eis a\u00ed um exemplar da mais fina flor do samba carioca. Realamente, samba,,, no duro! Os Cinco Crioulos, um grupo de sambistas classudo reunindo nada mais, nada menos que Elton Medeiros, Jair do Cavaco, Mauro Duarte, Nelson Sargento e Nescarzinho do Salgueiro. J\u00e1 tivemos a oportunidade de apresentar aqui outro disco deles. E agora vamos com esse lp, lan\u00e7ado em 1967, pela EMI-Odeon. Na contracapa temos um texto de S\u00e9rgio Porto garantindo as devidas informa\u00e7\u00f5es que aqui nem sempre a gente consegue manter, n\u00e9? Mas vamos ao disco&#8230;<\/div>\n<div class=\"separator\">\u00a0<\/div>\n<div class=\"separator\">o mundo encantado de monteiro lobato<\/div>\n<div class=\"separator\">fica doido varrido<\/div>\n<div class=\"separator\">\u00f3 seu oscar<\/div>\n<div class=\"separator\">brigaram pra valer<\/div>\n<div class=\"separator\">vou partir<\/div>\n<div class=\"separator\">vai dizer a ela<\/div>\n<div class=\"separator\">pelo telefone<\/div>\n<div class=\"separator\">chica da silva<\/div>\n<div class=\"separator\">eu nasci no morro<\/div>\n<div class=\"separator\">aurora de paz<\/div>\n<div class=\"separator\">barba de molho<\/div>\n<div class=\"separator\">defensor do samba<\/div>\n<div class=\"separator\">\u00a0<\/div>\n<div class=\"separator\">\u00a0<\/div>\n<div class=\"separator\">.<\/div>","protected":false},"excerpt":{"rendered":"<p>Um cl\u00e1ssico do samba. Eis a\u00ed um exemplar da mais fina flor do samba carioca. Realamente, samba,,, no duro! Os Cinco Crioulos, um grupo de sambistas classudo reunindo nada mais, nada menos que Elton Medeiros, Jair do Cavaco, Mauro Duarte, &hellip; <a href=\"https:\/\/www.toque-musicall.com\/?p=11040\">Continue lendo <span class=\"meta-nav\">&rarr;<\/span><\/a><\/p>\n","protected":false},"author":1,"featured_media":0,"comment_status":"closed","ping_status":"closed","sticky":false,"template":"","format":"standard","meta":{"footnotes":""},"categories":[1],"tags":[4723,4938],"class_list":["post-11040","post","type-post","status-publish","format-standard","hentry","category-sem-categoria","tag-os-cinco-crioulos","tag-selo-emi-odeon-4"],"_links":{"self":[{"href":"https:\/\/www.toque-musicall.com\/index.php?rest_route=\/wp\/v2\/posts\/11040","targetHints":{"allow":["GET"]}}],"collection":[{"href":"https:\/\/www.toque-musicall.com\/index.php?rest_route=\/wp\/v2\/posts"}],"about":[{"href":"https:\/\/www.toque-musicall.com\/index.php?rest_route=\/wp\/v2\/types\/post"}],"author":[{"embeddable":true,"href":"https:\/\/www.toque-musicall.com\/index.php?rest_route=\/wp\/v2\/users\/1"}],"replies":[{"embeddable":true,"href":"https:\/\/www.toque-musicall.com\/index.php?rest_route=%2Fwp%2Fv2%2Fcomments&post=11040"}],"version-history":[{"count":1,"href":"https:\/\/www.toque-musicall.com\/index.php?rest_route=\/wp\/v2\/posts\/11040\/revisions"}],"predecessor-version":[{"id":11041,"href":"https:\/\/www.toque-musicall.com\/index.php?rest_route=\/wp\/v2\/posts\/11040\/revisions\/11041"}],"wp:attachment":[{"href":"https:\/\/www.toque-musicall.com\/index.php?rest_route=%2Fwp%2Fv2%2Fmedia&parent=11040"}],"wp:term":[{"taxonomy":"category","embeddable":true,"href":"https:\/\/www.toque-musicall.com\/index.php?rest_route=%2Fwp%2Fv2%2Fcategories&post=11040"},{"taxonomy":"post_tag","embeddable":true,"href":"https:\/\/www.toque-musicall.com\/index.php?rest_route=%2Fwp%2Fv2%2Ftags&post=11040"}],"curies":[{"name":"wp","href":"https:\/\/api.w.org\/{rel}","templated":true}]}}