{"id":11046,"date":"2025-03-01T07:48:15","date_gmt":"2025-03-01T10:48:15","guid":{"rendered":"https:\/\/www.toque-musicall.com\/?p=11046"},"modified":"2025-04-01T18:44:29","modified_gmt":"2025-04-01T21:44:29","slug":"os-carbonos-samba-bom-nunca-morre-1985","status":"publish","type":"post","link":"https:\/\/www.toque-musicall.com\/?p=11046","title":{"rendered":"Os Carbonos &#8211; Samba Bom Nunca Morre (1985)"},"content":{"rendered":"\n<figure class=\"wp-block-image size-large\"><img decoding=\"async\" src=\"https:\/\/blogger.googleusercontent.com\/img\/b\/R29vZ2xl\/AVvXsEgKNm9tYQLIx2cFrvmylzjUEoTCrry1RMPSJP2dlyV_SEKJSXs4QAPwRwVEqrYV5B25PqTBp2PkxwcQnaEeN7L5o0YAXlK3FdYjYTLIdNPszmJBGU_j-pmdwIScvKyMFxdQojO3DHdMp1y5MM63_piVjIzI0wYtz3RAOKEitgy38S3_hj8xpB285K0VjXbF\/w636-h640\/Capturar.JPG\" alt=\"\"\/><\/figure>\n\n\n\n<figure class=\"wp-block-image size-large\"><img decoding=\"async\" src=\"https:\/\/blogger.googleusercontent.com\/img\/b\/R29vZ2xl\/AVvXsEgjb2U5rikut5CHRw9hcsraW_I7IbSQGvaa5YOxq3nEyV3y2XMRvZW8YJ_5F-gS8gDcpAJB85VWdSg2zPb1VSrenr4liloywQ26UReXEsxRl09f2smlP65ljiMMyh8OvuzBNCCBn7K_-qvxAo_7NA4N6ys2wdJkzHnco6ABa4xTYMoY26dd_Z5KwKmF-7fM\/w632-h640\/Capturarb.JPG\" alt=\"\"\/><\/figure>\n\n\n<div class=\"separator\">Continuamos no embalo do samba, afinal, o Carnaval tamb\u00e9m est\u00e1 a\u00ed, n\u00e9? Por outra, eu tamb\u00e9m diria, j\u00e1 foi o tempo que o Carnaval era do samba. Ali\u00e1s, o que menos essa festa hoje \u00e9, \u00e9 do samba. Mas ainda assim a gente insiste e persiste, afinal, quem n\u00e3o gosta de samba, bom sujeito n\u00e3o \u00e9&#8230;<\/div>\n<div class=\"separator\">Aqui temos ent\u00e3o este lp que \u00e9 uma sele\u00e7\u00e3o de cl\u00e1ssicos de sambas divididos em seis momentos, ou tr\u00eas faixas longas para cada lado, numa s\u00e9rie em &#8216;pot-pourri&#8217;. E quem vem no comando da coisa \u00e9 o grupo Os Carbonos. Sim, aquele mesmo que atuava em v\u00e1rias frentes. Claro que aqui tamb\u00e9m est\u00e1 presente a cozinha de apoio para n\u00e3o deixar esse 34 sambas virarem um simples pagode. Em resumo, um disco bem animado, mesmo para quem n\u00e3o \u00e9 bom sujeito \ud83d\ude42<\/div>\n<div class=\"separator\">\u00a0<\/div>\n<div class=\"separator\">festejando<\/div>\n<div class=\"separator\">viva meu samba<\/div>\n<div class=\"separator\">o trem do samba<\/div>\n<div class=\"separator\">samba na avenida<\/div>\n<div class=\"separator\">reuni\u00e3o de bacanas<\/div>\n<div class=\"separator\">casa de bamba<\/div>\n<div class=\"separator\">\u00a0<\/div>\n<div class=\"separator\">\u00a0<\/div>\n<div class=\"separator\">.<\/div>","protected":false},"excerpt":{"rendered":"<p>Continuamos no embalo do samba, afinal, o Carnaval tamb\u00e9m est\u00e1 a\u00ed, n\u00e9? Por outra, eu tamb\u00e9m diria, j\u00e1 foi o tempo que o Carnaval era do samba. Ali\u00e1s, o que menos essa festa hoje \u00e9, \u00e9 do samba. Mas ainda &hellip; <a href=\"https:\/\/www.toque-musicall.com\/?p=11046\">Continue lendo <span class=\"meta-nav\">&rarr;<\/span><\/a><\/p>\n","protected":false},"author":1,"featured_media":0,"comment_status":"closed","ping_status":"closed","sticky":false,"template":"","format":"standard","meta":{"footnotes":""},"categories":[1],"tags":[3109,3091],"class_list":["post-11046","post","type-post","status-publish","format-standard","hentry","category-sem-categoria","tag-os-carbonos","tag-selo-rge"],"_links":{"self":[{"href":"https:\/\/www.toque-musicall.com\/index.php?rest_route=\/wp\/v2\/posts\/11046","targetHints":{"allow":["GET"]}}],"collection":[{"href":"https:\/\/www.toque-musicall.com\/index.php?rest_route=\/wp\/v2\/posts"}],"about":[{"href":"https:\/\/www.toque-musicall.com\/index.php?rest_route=\/wp\/v2\/types\/post"}],"author":[{"embeddable":true,"href":"https:\/\/www.toque-musicall.com\/index.php?rest_route=\/wp\/v2\/users\/1"}],"replies":[{"embeddable":true,"href":"https:\/\/www.toque-musicall.com\/index.php?rest_route=%2Fwp%2Fv2%2Fcomments&post=11046"}],"version-history":[{"count":2,"href":"https:\/\/www.toque-musicall.com\/index.php?rest_route=\/wp\/v2\/posts\/11046\/revisions"}],"predecessor-version":[{"id":11048,"href":"https:\/\/www.toque-musicall.com\/index.php?rest_route=\/wp\/v2\/posts\/11046\/revisions\/11048"}],"wp:attachment":[{"href":"https:\/\/www.toque-musicall.com\/index.php?rest_route=%2Fwp%2Fv2%2Fmedia&parent=11046"}],"wp:term":[{"taxonomy":"category","embeddable":true,"href":"https:\/\/www.toque-musicall.com\/index.php?rest_route=%2Fwp%2Fv2%2Fcategories&post=11046"},{"taxonomy":"post_tag","embeddable":true,"href":"https:\/\/www.toque-musicall.com\/index.php?rest_route=%2Fwp%2Fv2%2Ftags&post=11046"}],"curies":[{"name":"wp","href":"https:\/\/api.w.org\/{rel}","templated":true}]}}