{"id":1105,"date":"2009-08-26T09:12:00","date_gmt":"2009-08-26T09:12:00","guid":{"rendered":"http:\/\/www.toque-musicall.com\/?p=1105"},"modified":"2015-05-26T18:29:34","modified_gmt":"2015-05-26T21:29:34","slug":"elizete-cardoso-cancao-do-amor-demais-1958","status":"publish","type":"post","link":"https:\/\/www.toque-musicall.com\/?p=1105","title":{"rendered":"Elizete Cardoso &#8211; Can\u00e7\u00e3o Do Amor Demais (1958)"},"content":{"rendered":"<p><a href=\"http:\/\/3.bp.blogspot.com\/_DSKVEvHtskc\/SpUHGAar-LI\/AAAAAAAAFRI\/qKKdMbStHS0\/s1600-h\/Elizete+P.JPG\"><img decoding=\"async\" id=\"BLOGGER_PHOTO_ID_5374209530109098162\" style=\"display: block; margin: 0px auto 10px; width: 398px; cursor: hand; height: 400px; text-align: center;\" alt=\"\" src=\"http:\/\/3.bp.blogspot.com\/_DSKVEvHtskc\/SpUHGAar-LI\/AAAAAAAAFRI\/qKKdMbStHS0\/s400\/Elizete+P.JPG\" border=\"0\" \/><\/a>Outra vez&#8230; estou me servindo do que ficou na &#8216;gaveta&#8217;, pois pelo jeito, a minha semana vai ser corrida. Para n\u00e3o comprometer nosso encontro di\u00e1rio, terei que lan\u00e7ar m\u00e3o daquilo que tenho pronto e que s\u00f3 n\u00e3o havia sido publicado por j\u00e1 ter sido bastante explorado em outros blogs. Todavia, em se tratando de Elizete Cardoso e mais exatamente deste \u00e1lbum &#8220;Can\u00e7\u00e3o do Amor Demais&#8221;, n\u00e3o h\u00e1 porqu\u00ea eu me desculpar. Este disco \u00e9 um cl\u00e1ssico, um marco da m\u00fasica popular brasileira, uma j\u00f3ia que n\u00e3o tem tempo incerto. Foi lan\u00e7ado em 58, atrav\u00e9s do selo Festa de Irineu Garcia, antecipando ou anunciando o que vir\u00edamos a conhecer como Bossa Nova. Um \u00e1lbum que na \u00e9poca de seu lan\u00e7amento n\u00e3o chegou a chamar muita aten\u00e7\u00e3o devido a pouca popularidade de seus autores, Vinicius de Moraes e Antonio Carlos Jobim. Somente Elizete, a int\u00e9rprete, era o nome de peso, uma artista j\u00e1 consagrada. O disco trazia uma outra sonoridade e em duas de suas faixas, &#8220;Chega de Saudade&#8221; e &#8220;Outra Vez&#8217;, haviam um &#8216;qu\u00ea&#8217; de diferente, a batida do viol\u00e3o de Jo\u00e3o Gilberto, coisa que at\u00e9 ent\u00e3o n\u00e3o se ouvia antes (em termos&#8230;). A medida em que a Bossa Nova veio nascendo \u00e9 que &#8220;Can\u00e7\u00e3o do Amor Demais&#8221; foi adquirindo seu real valor e se tornando um cl\u00e1ssico e um marco da nossa m\u00fasica. \u00c9 um disco que, para o Toque Musical, \u00e9 bem mais que uma simples postagem de gaveta. \u00c9 uma necessidade e uma grande honra poder dizer que aqui tamb\u00e9m tem&#8230; E chega de saudade!<\/p>\n<div><\/div>\n<div style=\"text-align: center;\">chega de saudade<\/div>\n<div style=\"text-align: center;\">serenata do adeus<\/div>\n<div style=\"text-align: center;\">as praias desertas<\/div>\n<div style=\"text-align: center;\">caminho de pedra<\/div>\n<div style=\"text-align: center;\">luciana<\/div>\n<div style=\"text-align: center;\">janelas abertas<\/div>\n<div style=\"text-align: center;\">eu n\u00e3o existo sem voc\u00ea<\/div>\n<div style=\"text-align: center;\">outra vez<\/div>\n<div style=\"text-align: center;\">medo de amar<\/div>\n<div style=\"text-align: center;\">estrada branca<\/div>\n<div style=\"text-align: center;\">vida bela<\/div>\n<div style=\"text-align: center;\">modinha<\/div>\n<div style=\"text-align: center;\">can\u00e7\u00e3o do amor demais<\/div>\n","protected":false},"excerpt":{"rendered":"<p>Outra vez&#8230; estou me servindo do que ficou na &#8216;gaveta&#8217;, pois pelo jeito, a minha semana vai ser corrida. Para n\u00e3o comprometer nosso encontro di\u00e1rio, terei que lan\u00e7ar m\u00e3o daquilo que tenho pronto e que s\u00f3 n\u00e3o havia sido publicado &hellip; <a href=\"https:\/\/www.toque-musicall.com\/?p=1105\">Continue lendo <span class=\"meta-nav\">&rarr;<\/span><\/a><\/p>\n","protected":false},"author":1,"featured_media":0,"comment_status":"open","ping_status":"closed","sticky":false,"template":"","format":"standard","meta":{"footnotes":""},"categories":[247,248,517],"tags":[],"class_list":["post-1105","post","type-post","status-publish","format-standard","hentry","category-elizete-cardoso","category-elizeth-cardoso","category-selo-festa"],"_links":{"self":[{"href":"https:\/\/www.toque-musicall.com\/index.php?rest_route=\/wp\/v2\/posts\/1105","targetHints":{"allow":["GET"]}}],"collection":[{"href":"https:\/\/www.toque-musicall.com\/index.php?rest_route=\/wp\/v2\/posts"}],"about":[{"href":"https:\/\/www.toque-musicall.com\/index.php?rest_route=\/wp\/v2\/types\/post"}],"author":[{"embeddable":true,"href":"https:\/\/www.toque-musicall.com\/index.php?rest_route=\/wp\/v2\/users\/1"}],"replies":[{"embeddable":true,"href":"https:\/\/www.toque-musicall.com\/index.php?rest_route=%2Fwp%2Fv2%2Fcomments&post=1105"}],"version-history":[{"count":2,"href":"https:\/\/www.toque-musicall.com\/index.php?rest_route=\/wp\/v2\/posts\/1105\/revisions"}],"predecessor-version":[{"id":4933,"href":"https:\/\/www.toque-musicall.com\/index.php?rest_route=\/wp\/v2\/posts\/1105\/revisions\/4933"}],"wp:attachment":[{"href":"https:\/\/www.toque-musicall.com\/index.php?rest_route=%2Fwp%2Fv2%2Fmedia&parent=1105"}],"wp:term":[{"taxonomy":"category","embeddable":true,"href":"https:\/\/www.toque-musicall.com\/index.php?rest_route=%2Fwp%2Fv2%2Fcategories&post=1105"},{"taxonomy":"post_tag","embeddable":true,"href":"https:\/\/www.toque-musicall.com\/index.php?rest_route=%2Fwp%2Fv2%2Ftags&post=1105"}],"curies":[{"name":"wp","href":"https:\/\/api.w.org\/{rel}","templated":true}]}}