{"id":11050,"date":"2025-03-02T18:40:57","date_gmt":"2025-03-02T21:40:57","guid":{"rendered":"https:\/\/www.toque-musicall.com\/?p=11050"},"modified":"2025-04-01T18:43:16","modified_gmt":"2025-04-01T21:43:16","slug":"samba-enredo-em-juiz-de-fora-1982","status":"publish","type":"post","link":"https:\/\/www.toque-musicall.com\/?p=11050","title":{"rendered":"Samba Enredo Em Juiz De Fora (1982)\u00a0"},"content":{"rendered":"\n<figure class=\"wp-block-image size-large\"><img decoding=\"async\" src=\"https:\/\/blogger.googleusercontent.com\/img\/b\/R29vZ2xl\/AVvXsEh9gPAhx16aMJAW5hIh8jD0NN5bjPImTN5Gg2s9X-P2z9D2RjEAoC3fdND7WPhFOzjIVXnW3mL4tHylpa2Ro0fKWFARhrdQvJ0_OsVsVhkWuz_BABminKTCvirxU4iHs7VG46TtZTCUWduP3e9-i6ixK6Y8-2feHxaxghVDctPz9KOWnW5Ar-B_FY2TgR4m\/w640-h628\/Capturar.JPG\" alt=\"\"\/><\/figure>\n\n\n\n<figure class=\"wp-block-image size-large\"><img decoding=\"async\" src=\"https:\/\/blogger.googleusercontent.com\/img\/b\/R29vZ2xl\/AVvXsEgEc7FME1VxNFc45IyyZLrvAzif0zvF7dAkCWNuVYJYoD8dX-fMBirsM4pgpO1x5jbCVI-9kg-N0CW5h7maYj6iWu4fl49ysg-Sxq2vpjrXCxgX2cSE8NNTcR_vE81gwdRu8tQ10S-ww0o4jMjp4zktM_XIfvoPDye0UGuJVnZr_NPUp9SYfp3eD6541yFe\/w640-h622\/Capturarb.JPG\" alt=\"\"\/><\/figure>\n\n\n<div class=\"separator\">E bem no meio da festa, da folia do Carnaval, eis que a gente aparece para mais um toque musical carnavalesco. Trazemos agora um disco de samba de enredo das escolas de samba da cidade de Juiz de Fora, a mais carioca das cidades mineiras. No caso, temos aqui um momento memor\u00e1vel do carnaval da cidade, que mereceu at\u00e9 o esfor\u00e7o para o lan\u00e7amento deste lp. Vamos deixar o disco rodando e bem no meio da festa, da folia e \u00e0 francesa, vamos saindo&#8230; tirar um m\u00eas de f\u00e9rias!<\/div>\n<div class=\"separator\">Durante o m\u00eas de mar\u00e7o vamos dar um descanso. As postagens voltam em abril, combinado?<\/div>\n<div class=\"separator\">\u00a0<\/div>\n<div class=\"separator\">mascarada veneziana<\/div>\n<div class=\"separator\">arvoredo<\/div>\n<div class=\"separator\">pra tudo se acabar na quarta feira<\/div>\n<div class=\"separator\">o circo<\/div>\n<div class=\"separator\">ao cair da noite na floresta encantada<\/div>\n<div class=\"separator\">zumbi rei negro dos palmares<\/div>\n<div class=\"separator\">canto a estrela<\/div>\n<div class=\"separator\">recife no folclore do maracatu<\/div>\n<div class=\"separator\">festas folcloricas do brasil<\/div>\n<div class=\"separator\">pernambuco le\u00e3o do norte<\/div>\n<div class=\"separator\">exalta\u00e7\u00e3o ao rio s\u00e3o francisco<\/div>\n<div class=\"separator\">chica da silva<\/div>\n<div class=\"separator\">\u00a0<\/div>\n<div class=\"separator\">\u00a0<\/div>","protected":false},"excerpt":{"rendered":"<p>E bem no meio da festa, da folia do Carnaval, eis que a gente aparece para mais um toque musical carnavalesco. Trazemos agora um disco de samba de enredo das escolas de samba da cidade de Juiz de Fora, a &hellip; <a href=\"https:\/\/www.toque-musicall.com\/?p=11050\">Continue lendo <span class=\"meta-nav\">&rarr;<\/span><\/a><\/p>\n","protected":false},"author":1,"featured_media":0,"comment_status":"closed","ping_status":"closed","sticky":false,"template":"","format":"standard","meta":{"footnotes":""},"categories":[1],"tags":[3458,5917,3017],"class_list":["post-11050","post","type-post","status-publish","format-standard","hentry","category-sem-categoria","tag-carnaval","tag-samba-enredo-em-juiz-de-fora","tag-selo-independente"],"_links":{"self":[{"href":"https:\/\/www.toque-musicall.com\/index.php?rest_route=\/wp\/v2\/posts\/11050","targetHints":{"allow":["GET"]}}],"collection":[{"href":"https:\/\/www.toque-musicall.com\/index.php?rest_route=\/wp\/v2\/posts"}],"about":[{"href":"https:\/\/www.toque-musicall.com\/index.php?rest_route=\/wp\/v2\/types\/post"}],"author":[{"embeddable":true,"href":"https:\/\/www.toque-musicall.com\/index.php?rest_route=\/wp\/v2\/users\/1"}],"replies":[{"embeddable":true,"href":"https:\/\/www.toque-musicall.com\/index.php?rest_route=%2Fwp%2Fv2%2Fcomments&post=11050"}],"version-history":[{"count":1,"href":"https:\/\/www.toque-musicall.com\/index.php?rest_route=\/wp\/v2\/posts\/11050\/revisions"}],"predecessor-version":[{"id":11051,"href":"https:\/\/www.toque-musicall.com\/index.php?rest_route=\/wp\/v2\/posts\/11050\/revisions\/11051"}],"wp:attachment":[{"href":"https:\/\/www.toque-musicall.com\/index.php?rest_route=%2Fwp%2Fv2%2Fmedia&parent=11050"}],"wp:term":[{"taxonomy":"category","embeddable":true,"href":"https:\/\/www.toque-musicall.com\/index.php?rest_route=%2Fwp%2Fv2%2Fcategories&post=11050"},{"taxonomy":"post_tag","embeddable":true,"href":"https:\/\/www.toque-musicall.com\/index.php?rest_route=%2Fwp%2Fv2%2Ftags&post=11050"}],"curies":[{"name":"wp","href":"https:\/\/api.w.org\/{rel}","templated":true}]}}