{"id":11052,"date":"2025-04-02T20:39:01","date_gmt":"2025-04-02T23:39:01","guid":{"rendered":"https:\/\/www.toque-musicall.com\/?p=11052"},"modified":"2025-04-06T20:41:06","modified_gmt":"2025-04-06T23:41:06","slug":"conjunto-flamingo-apresentando-o-conjunto-flamingo-1962","status":"publish","type":"post","link":"https:\/\/www.toque-musicall.com\/?p=11052","title":{"rendered":"Conjunto Flamingo &#8211; Apresentando O Conjunto Flamingo (1962)\u00a0"},"content":{"rendered":"\n<figure class=\"wp-block-image size-large\"><img decoding=\"async\" src=\"https:\/\/blogger.googleusercontent.com\/img\/b\/R29vZ2xl\/AVvXsEhDkTjpTtyfNeRawaq6mqXPFC9PcCxGdWKgjvYi6KIGX3MT_UnhfqC03m8eoECS_bVRpMRoZGv8Q9hoOhK-L2NDsQcSku28PHfEmnbcOlUuF39YV2-8XECFh3GFZw-sG6opcdwHUDhQwNKzFWyohEkWRW-qASNOyw52sduhsGFZgtDAc8cqoxTZfjiAhF0t\/w636-h640\/Capturar.JPG\" alt=\"\"\/><\/figure>\n\n\n\n<figure class=\"wp-block-image size-large\"><img decoding=\"async\" src=\"https:\/\/blogger.googleusercontent.com\/img\/b\/R29vZ2xl\/AVvXsEjlPFQDL56SGgHIsHzSkUQyx66LgwnqaLy9AFdjD65wqjom5YAlIFPmHlKfMt5r9xG14ewrN89fzGjvKzzhHN2B1sYX8WvyNamP9juLjLAZLJzVaT0ahrYpC-MMaGiwVXKQjnxDa-31DUy16M2XCQLKidCtT4MMjxvoeTDaKJm3Mme1Utr4fw9W_g56wzsk\/w640-h640\/Capturarb.JPG\" alt=\"\"\/><\/figure>\n\n\n<div class=\"separator\">E c\u00e1 estamos de volta, retomando nossas postagens ap\u00f3s um m\u00eas de um merecido descanso. Haviam outros discos de samba e carnaval para serem postados, mas acabamos dando uma pausa em plena festa e esses ficaram para uma pr\u00f3xima oportunidade.<\/div>\n<div class=\"separator\">Abrindo, temos aqui um lp bacana, apresentando o Conjunto Flamingo, em seu primeiro disco, lan\u00e7ado em 1962 pelo selo Audio Fidelity. Isso, por certo j\u00e1 \u00e9 garantia da qualidade. Somado a um repert\u00f3rio selecionado e essencialmente nacional, s\u00f3 faltava o conjunto ser tamb\u00e9m impec\u00e1vel e \u00e9! O Conjunto Flamingo foi uma das boas coisas que o Rio Grande do Sul nos proporcionou, surgido nos anos 50 e tendo a frente um excelente m\u00fasico, Jo\u00e3o Peixoto Primo. E foi tamb\u00e9m este conjunto no qual passou Elis Regina, ainda em in\u00edcio de carreira. Na contracapa temos um texto de apresenta\u00e7\u00e3o do conjunto feito pelo jornalista ga\u00facho Roberto Eduardo Xavier. Triste notar que o mo\u00e7o n\u00e3o se limita a fazer um texto, sem deixar claro um preconceito t\u00e3o comum naqueles tempos, quando se refere ao m\u00fasico, preto\/pardo, de forma pejorativa como &#8220;mulatinho melenudo&#8221;. Brincadeira&#8230; Mas tirando essa c\u00e1ca, a coisa \u00e9 fina, podem conferir&#8230;<\/div>\n<div class=\"separator\">\u00a0<\/div>\n<div class=\"separator\">beija-me<\/div>\n<div class=\"separator\">eu nasci no morro<\/div>\n<div class=\"separator\">\u00e9 f\u00e1cil dizer adeus<\/div>\n<div class=\"separator\">chora tua tristeza<\/div>\n<div class=\"separator\">o barquinho<\/div>\n<div class=\"separator\">levanta mangueira<\/div>\n<div class=\"separator\">brasil 62<\/div>\n<div class=\"separator\">o que \u00e9 que a baiana tem<\/div>\n<div class=\"separator\">quem quiser encontrar o amor<\/div>\n<div class=\"separator\">falsa baiana<\/div>\n<div class=\"separator\">franqueza<\/div>\n<div class=\"separator\">gauchinha bem querer<\/div>\n<div class=\"separator\">\u00a0<\/div>\n<div class=\"separator\">\u00a0<\/div>\n<div class=\"separator\">.<\/div>\n<div class=\"separator\">\u00a0<\/div>","protected":false},"excerpt":{"rendered":"<p>E c\u00e1 estamos de volta, retomando nossas postagens ap\u00f3s um m\u00eas de um merecido descanso. Haviam outros discos de samba e carnaval para serem postados, mas acabamos dando uma pausa em plena festa e esses ficaram para uma pr\u00f3xima oportunidade. &hellip; <a href=\"https:\/\/www.toque-musicall.com\/?p=11052\">Continue lendo <span class=\"meta-nav\">&rarr;<\/span><\/a><\/p>\n","protected":false},"author":1,"featured_media":0,"comment_status":"closed","ping_status":"closed","sticky":false,"template":"","format":"standard","meta":{"footnotes":""},"categories":[1],"tags":[5918,3670],"class_list":["post-11052","post","type-post","status-publish","format-standard","hentry","category-sem-categoria","tag-conjunto-flamingo","tag-selo-audio-fidelity"],"_links":{"self":[{"href":"https:\/\/www.toque-musicall.com\/index.php?rest_route=\/wp\/v2\/posts\/11052","targetHints":{"allow":["GET"]}}],"collection":[{"href":"https:\/\/www.toque-musicall.com\/index.php?rest_route=\/wp\/v2\/posts"}],"about":[{"href":"https:\/\/www.toque-musicall.com\/index.php?rest_route=\/wp\/v2\/types\/post"}],"author":[{"embeddable":true,"href":"https:\/\/www.toque-musicall.com\/index.php?rest_route=\/wp\/v2\/users\/1"}],"replies":[{"embeddable":true,"href":"https:\/\/www.toque-musicall.com\/index.php?rest_route=%2Fwp%2Fv2%2Fcomments&post=11052"}],"version-history":[{"count":1,"href":"https:\/\/www.toque-musicall.com\/index.php?rest_route=\/wp\/v2\/posts\/11052\/revisions"}],"predecessor-version":[{"id":11053,"href":"https:\/\/www.toque-musicall.com\/index.php?rest_route=\/wp\/v2\/posts\/11052\/revisions\/11053"}],"wp:attachment":[{"href":"https:\/\/www.toque-musicall.com\/index.php?rest_route=%2Fwp%2Fv2%2Fmedia&parent=11052"}],"wp:term":[{"taxonomy":"category","embeddable":true,"href":"https:\/\/www.toque-musicall.com\/index.php?rest_route=%2Fwp%2Fv2%2Fcategories&post=11052"},{"taxonomy":"post_tag","embeddable":true,"href":"https:\/\/www.toque-musicall.com\/index.php?rest_route=%2Fwp%2Fv2%2Ftags&post=11052"}],"curies":[{"name":"wp","href":"https:\/\/api.w.org\/{rel}","templated":true}]}}