{"id":11059,"date":"2025-04-05T18:44:37","date_gmt":"2025-04-05T21:44:37","guid":{"rendered":"https:\/\/www.toque-musicall.com\/?p=11059"},"modified":"2025-04-10T18:51:31","modified_gmt":"2025-04-10T21:51:31","slug":"centenario-alberto-santos-dumont-1873-1973-1973","status":"publish","type":"post","link":"https:\/\/www.toque-musicall.com\/?p=11059","title":{"rendered":"Centen\u00e1rio Alberto Santos Dumont &#8211; 1873-1973 (1973)"},"content":{"rendered":"\n<figure class=\"wp-block-image size-large\"><img decoding=\"async\" src=\"https:\/\/blogger.googleusercontent.com\/img\/b\/R29vZ2xl\/AVvXsEi0jY-SynkbIvf4RFIIgpGivun5q021xR5AnmDNI-MHBrOFmfhZpGaHluThGyWFdYriSD6IaD6BXnjm7UDwgcJ1c8Dui2hN3V8KIncpu4CpvtZlQZy7SuqPyaOs4M8rmjqLTRFYQdd6fCyib_kzPkwWvSIOhowgtMstwS5VDrKlN39uj4rsCL4v-gSTRSsd\/w626-h640\/Capturar.JPG\" alt=\"\"\/><\/figure>\n\n\n\n<figure class=\"wp-block-image size-large\"><img decoding=\"async\" src=\"https:\/\/blogger.googleusercontent.com\/img\/b\/R29vZ2xl\/AVvXsEgEySUBl9dq-VBvq5BGpLVXzoXfeLWGmvWb0WLq62a3bFS8wJmXljr6BjPott-VXuKKX1zhDPT3WhWmN6y9fM6yN743Yl0aejqRgD-ipicC-PVyLzmeWGrGADDQ6jTvR5ydw2HiCXc3_Q8EYCgttW055PptKnRdPaMU_HhplutNtEJAgh7ZjvFnG5FMeB0F\/w624-h640\/Capturarb.JPG\" alt=\"\"\/><\/figure>\n\n\n<div class=\"separator\">Hoje vamos com um disco comemorativo, uma colabora\u00e7\u00e3o de um dos nossos bons amigos cultos. Aqui temos um lp comemorativo do centen\u00e1rio do nosso &#8220;Pai da Avia\u00e7\u00e3o&#8221;, Alberto Santos Dumont, em 1973. Espanta pensar que j\u00e1 naquele centen\u00e1rio o homem j\u00e1 viajava a jato e para n\u00e3o dizer, j\u00e1 tinha chegado a Lua. Este \u00e1lbum, \u00e1lbum duplo \u00e9 bom lembrar, fez parte do pacote das comemora\u00e7\u00f5es do governo militar, do Minist\u00e9rio da Aeron\u00e1utica. O \u00e1lbum duplo se divide em dois momentos, musical, com uma sele\u00e7\u00e3o tem\u00e1tica com diferentes artistas e um segundo disco trazendo a hist\u00f3ria sobre Santos Dumont, &#8220;A Conquista do At&#8221;. Eis a\u00ed um disco, no m\u00ednimo curioso. Vale conhecer.<\/div>\n<div class=\"separator\">\u00a0<\/div>\n<div class=\"separator\">hino do centen\u00e1rio<\/div>\n<div class=\"separator\">bandeirantes do ar\u00a0<\/div>\n<div class=\"separator\">um dia aconteceu<\/div>\n<div class=\"separator\">exalta\u00e7\u00e3o a santos dumont<\/div>\n<div class=\"separator\">mineiro bom<\/div>\n<div class=\"separator\">canto do aviador brasileiro<\/div>\n<div class=\"separator\">hino dos aviadores brasileiros<\/div>\n<div class=\"separator\">14 bis<\/div>\n<div class=\"separator\">hino sa santos dumont<\/div>\n<div class=\"separator\">a conquiata do ar<\/div>\n<div class=\"separator\">salve santos dumont<\/div>\n<div class=\"separator\">alberto santos dumont<\/div>\n<div class=\"separator\">a conquista do ar (hist\u00f3ria de alberto santos dumont)<\/div>\n<div class=\"separator\">\u00a0<\/div>\n<div class=\"separator\">\u00a0<\/div>\n<div class=\"separator\">.<\/div>","protected":false},"excerpt":{"rendered":"<p>Hoje vamos com um disco comemorativo, uma colabora\u00e7\u00e3o de um dos nossos bons amigos cultos. Aqui temos um lp comemorativo do centen\u00e1rio do nosso &#8220;Pai da Avia\u00e7\u00e3o&#8221;, Alberto Santos Dumont, em 1973. Espanta pensar que j\u00e1 naquele centen\u00e1rio o homem &hellip; <a href=\"https:\/\/www.toque-musicall.com\/?p=11059\">Continue lendo <span class=\"meta-nav\">&rarr;<\/span><\/a><\/p>\n","protected":false},"author":1,"featured_media":0,"comment_status":"closed","ping_status":"closed","sticky":false,"template":"","format":"standard","meta":{"footnotes":""},"categories":[1],"tags":[5919,3017,4055],"class_list":["post-11059","post","type-post","status-publish","format-standard","hentry","category-sem-categoria","tag-alberto-santos-dumont","tag-selo-independente","tag-selo-promocional"],"_links":{"self":[{"href":"https:\/\/www.toque-musicall.com\/index.php?rest_route=\/wp\/v2\/posts\/11059","targetHints":{"allow":["GET"]}}],"collection":[{"href":"https:\/\/www.toque-musicall.com\/index.php?rest_route=\/wp\/v2\/posts"}],"about":[{"href":"https:\/\/www.toque-musicall.com\/index.php?rest_route=\/wp\/v2\/types\/post"}],"author":[{"embeddable":true,"href":"https:\/\/www.toque-musicall.com\/index.php?rest_route=\/wp\/v2\/users\/1"}],"replies":[{"embeddable":true,"href":"https:\/\/www.toque-musicall.com\/index.php?rest_route=%2Fwp%2Fv2%2Fcomments&post=11059"}],"version-history":[{"count":1,"href":"https:\/\/www.toque-musicall.com\/index.php?rest_route=\/wp\/v2\/posts\/11059\/revisions"}],"predecessor-version":[{"id":11060,"href":"https:\/\/www.toque-musicall.com\/index.php?rest_route=\/wp\/v2\/posts\/11059\/revisions\/11060"}],"wp:attachment":[{"href":"https:\/\/www.toque-musicall.com\/index.php?rest_route=%2Fwp%2Fv2%2Fmedia&parent=11059"}],"wp:term":[{"taxonomy":"category","embeddable":true,"href":"https:\/\/www.toque-musicall.com\/index.php?rest_route=%2Fwp%2Fv2%2Fcategories&post=11059"},{"taxonomy":"post_tag","embeddable":true,"href":"https:\/\/www.toque-musicall.com\/index.php?rest_route=%2Fwp%2Fv2%2Ftags&post=11059"}],"curies":[{"name":"wp","href":"https:\/\/api.w.org\/{rel}","templated":true}]}}