{"id":1106,"date":"2009-08-25T09:51:00","date_gmt":"2009-08-25T09:51:00","guid":{"rendered":"http:\/\/www.toque-musicall.com\/?p=1106"},"modified":"2009-08-25T09:51:00","modified_gmt":"2009-08-25T09:51:00","slug":"vinicius-de-moraes-vinicius-1967","status":"publish","type":"post","link":"https:\/\/www.toque-musicall.com\/?p=1106","title":{"rendered":"Vinicius de Moraes &#8211; Vinicius (1967)"},"content":{"rendered":"<p><a href=\"http:\/\/3.bp.blogspot.com\/_DSKVEvHtskc\/SpO0mM0Bt9I\/AAAAAAAAFRA\/BlJc_lEVE54\/s1600-h\/vinicius+F.JPG\"><img decoding=\"async\" style=\"display:block; margin:0px auto 10px; text-align:center;cursor:pointer; cursor:hand;width: 400px; height: 394px;\" src=\"http:\/\/3.bp.blogspot.com\/_DSKVEvHtskc\/SpO0mM0Bt9I\/AAAAAAAAFRA\/BlJc_lEVE54\/s400\/vinicius+F.JPG\" border=\"0\" alt=\"\" id=\"BLOGGER_PHOTO_ID_5373837348750604242\" \/><\/a>Bom dia companheiros cultos e ocultos (t\u00e1 vendo, mudei!). Hoje meu dia vai estar cheio e o tempo est\u00e1 curto. N\u00e3o tive nem tempo para preparar o que pensava ser a postagem do dia. Na verdade, minha inten\u00e7\u00e3o era fazer desta uma semana tem\u00e1tica, voltada para nossas cantoras. Mas n\u00e3o houve jeito de planejar a tempo. Eu n\u00e3o trouxe nossas divas, mas para n\u00e3o ficarmos longe disso, teremos o prazer da companhia de quem sempre soube cantar as mulheres (em duplo e bom sentido), o poet\u00e3o (porque poetinha \u00e9 muito pouco) Vinicius de Moraes. Este \u00e1lbum n\u00e3o \u00e9 mais nenhuma novidade-raridade, pois j\u00e1 foi bem explorado em outros blogs e tamb\u00e9m j\u00e1 foi relan\u00e7ado em cd atrav\u00e9s da cole\u00e7\u00e3o &#8220;Com dizia o poeta&#8221;, uma caixa com toda a discografia de Vinicius. Sobre o disco, lan\u00e7ado em 1967 pelo selo Elenco de Aloysio de Oliveira, tamb\u00e9m n\u00e3o h\u00e1 muito o que se falar al\u00e9m do que j\u00e1 \u00e9 not\u00f3rio. Dispensa maiores apresenta\u00e7\u00f5es. Mesmo porqu\u00ea, como disse, meu tempo est\u00e1 limitad\u00edssimo. Fica aqui o toque do dia, retirado emergencialmente da gaveta, para n\u00e3o perdermos o bonde. Por falar em bonde, deixa eu pegar o meu. At\u00e9 amanh\u00e3!<\/p>\n<div><\/div>\n<div style=\"text-align: center;\">berimbau<\/div>\n<div style=\"text-align: center;\">deixa<\/div>\n<div style=\"text-align: center;\">mulher carioca<\/div>\n<div style=\"text-align: center;\">o astronauta<\/div>\n<div style=\"text-align: center;\">samba da ben\u00e7\u00e3o<\/div>\n<div style=\"text-align: center;\">broto maroto (com o quarteto em cy)<\/div>\n<div style=\"text-align: center;\">labareda (com odette lara)<\/div>\n<div style=\"text-align: center;\">samba em prel\u00fadio (com odette lara)<\/div>\n<div style=\"text-align: center;\">minha namorada (com o quarteto em cy)<\/div>\n<div style=\"text-align: center;\">formosa<\/div>\n<div style=\"text-align: center;\"><\/div>\n<div style=\"text-align: center;\"><\/div>\n","protected":false},"excerpt":{"rendered":"<p>Bom dia companheiros cultos e ocultos (t\u00e1 vendo, mudei!). Hoje meu dia vai estar cheio e o tempo est\u00e1 curto. N\u00e3o tive nem tempo para preparar o que pensava ser a postagem do dia. Na verdade, minha inten\u00e7\u00e3o era fazer &hellip; <a href=\"https:\/\/www.toque-musicall.com\/?p=1106\">Continue lendo <span class=\"meta-nav\">&rarr;<\/span><\/a><\/p>\n","protected":false},"author":1,"featured_media":0,"comment_status":"open","ping_status":"closed","sticky":false,"template":"","format":"standard","meta":{"footnotes":""},"categories":[1119],"tags":[],"class_list":["post-1106","post","type-post","status-publish","format-standard","hentry","category-vinicius-de-moraes"],"_links":{"self":[{"href":"https:\/\/www.toque-musicall.com\/index.php?rest_route=\/wp\/v2\/posts\/1106","targetHints":{"allow":["GET"]}}],"collection":[{"href":"https:\/\/www.toque-musicall.com\/index.php?rest_route=\/wp\/v2\/posts"}],"about":[{"href":"https:\/\/www.toque-musicall.com\/index.php?rest_route=\/wp\/v2\/types\/post"}],"author":[{"embeddable":true,"href":"https:\/\/www.toque-musicall.com\/index.php?rest_route=\/wp\/v2\/users\/1"}],"replies":[{"embeddable":true,"href":"https:\/\/www.toque-musicall.com\/index.php?rest_route=%2Fwp%2Fv2%2Fcomments&post=1106"}],"version-history":[{"count":0,"href":"https:\/\/www.toque-musicall.com\/index.php?rest_route=\/wp\/v2\/posts\/1106\/revisions"}],"wp:attachment":[{"href":"https:\/\/www.toque-musicall.com\/index.php?rest_route=%2Fwp%2Fv2%2Fmedia&parent=1106"}],"wp:term":[{"taxonomy":"category","embeddable":true,"href":"https:\/\/www.toque-musicall.com\/index.php?rest_route=%2Fwp%2Fv2%2Fcategories&post=1106"},{"taxonomy":"post_tag","embeddable":true,"href":"https:\/\/www.toque-musicall.com\/index.php?rest_route=%2Fwp%2Fv2%2Ftags&post=1106"}],"curies":[{"name":"wp","href":"https:\/\/api.w.org\/{rel}","templated":true}]}}