{"id":11067,"date":"2025-04-09T19:42:35","date_gmt":"2025-04-09T22:42:35","guid":{"rendered":"https:\/\/www.toque-musicall.com\/?p=11067"},"modified":"2025-04-15T19:46:00","modified_gmt":"2025-04-15T22:46:00","slug":"festival-da-penha-2o-festival-1959","status":"publish","type":"post","link":"https:\/\/www.toque-musicall.com\/?p=11067","title":{"rendered":"Festival Da Penha &#8211; 2\u00ba Festival (1959)"},"content":{"rendered":"\n<figure class=\"wp-block-image size-large\"><img decoding=\"async\" src=\"https:\/\/blogger.googleusercontent.com\/img\/b\/R29vZ2xl\/AVvXsEg1vGLf3VUJc7_WRwZnVQ3CUp-BZgotypPWX9quSvkwxA1APfp9jrCPNMLUns0LOCQFRBmX2tx_ftyjZXDljWZqu2AVHFh_QzV1c3hCFEJYeMBw3izKC7IP4Lk5fKDTlirOQLxsvRF0Gc7wM-wjGbTXV31Oj3e1eKMeAHbbLpevZp-EAUM_GQkGNTwGgFts\/w640-h640\/Capturar.JPG\" alt=\"\"\/><\/figure>\n\n\n\n<figure class=\"wp-block-image size-large\"><img decoding=\"async\" src=\"https:\/\/blogger.googleusercontent.com\/img\/b\/R29vZ2xl\/AVvXsEjrrGVYnw5IrtDtti8c3NhMTY5dZpYhxJSI4Pyauko9bjqBKx1qxhHoRVckgsfruKXmOG0iYbz-F6A5v03udMbRircUjDPgymuCVHTzkNGJ3K6S-wAdwYhndxO5APP_Pfh3o3Hd-ZhyxfbmF4KhqvqvehWu2lRVfqeZkNBWzIsprcK4JXqOwS_CmpNX4JHr\/w620-h640\/Capturarb.JPG\" alt=\"\"\/><\/figure>\n\n\n<div class=\"separator\">E hoje temos um lp dos mais interessantes. Um dos primeiros discos de festivais de m\u00fasica popular. No caso aqui, trata-se do segundo Festival da Penha, idealizado e promovido pela R\u00e1dio e Jornal do Brasil e Lojas Palermo, uma das mais imporantes lojas de discos e aparelhos de som, que existia no Largo da Carioca, nos anos 50. Pelo texto de contracapa \u00e9 de se entender que a primeira edi\u00e7\u00e3o do festival n\u00e3o houve um registro como este, em disco. E \u00e9 de se estranhar, mesmo com a assist\u00eancia quase &#8216;oracular&#8217; da Intelig\u00eancia Artificial, n\u00e3o h\u00e1 nenhum relato publicado sobre esse festival ou evento&#8230; Por certo, aqui \u00e9 algo bem diferente dos festivais dos anos 60 e 70, mas, como podemos ver na contracapa, houve uma sele\u00e7\u00e3o e premia\u00e7\u00e3o e as m\u00fasicas aparecem na listagem, ou na sequ\u00eancias das faixas, em ordem da premia\u00e7\u00e3o.\u00a0<\/div>\n<div class=\"separator\">\u00a0<\/div>\n<div class=\"separator\">sinfonia dos astros &#8211; ivon curi<\/div>\n<div class=\"separator\">o riao &#8211; francisco carlos<\/div>\n<div class=\"separator\">mergulha a bateia &#8211; fernando barreto<\/div>\n<div class=\"separator\">trapeiro &#8211; francisco carlos<\/div>\n<div class=\"separator\">lua lu\u00e1 &#8211; jair alves<\/div>\n<div class=\"separator\">maria maluca &#8211; orlando correa<\/div>\n<div class=\"separator\">a saudade venceu &#8211; neusa maria<\/div>\n<div class=\"separator\">imagem de m\u00e3e &#8211; carlos galhardo<\/div>\n<div class=\"separator\">pandeiro do brasil &#8211; dircinha baptista<\/div>\n<div class=\"separator\">h\u00e1 sempre uma luz acesa &#8211; linda baptista<\/div>\n<div class=\"separator\">um de n\u00f3s \u00e9 demais &#8211; alaide costa<\/div>\n<div class=\"separator\">eu vou a penha &#8211; carlos galhardo<\/div>\n<div class=\"separator\">\u00a0<\/div>\n<div class=\"separator\">\u00a0<\/div>\n<div class=\"separator\">.<\/div>","protected":false},"excerpt":{"rendered":"<p>E hoje temos um lp dos mais interessantes. Um dos primeiros discos de festivais de m\u00fasica popular. No caso aqui, trata-se do segundo Festival da Penha, idealizado e promovido pela R\u00e1dio e Jornal do Brasil e Lojas Palermo, uma das &hellip; <a href=\"https:\/\/www.toque-musicall.com\/?p=11067\">Continue lendo <span class=\"meta-nav\">&rarr;<\/span><\/a><\/p>\n","protected":false},"author":1,"featured_media":0,"comment_status":"closed","ping_status":"closed","sticky":false,"template":"","format":"standard","meta":{"footnotes":""},"categories":[1],"tags":[3364,5923,3061],"class_list":["post-11067","post","type-post","status-publish","format-standard","hentry","category-sem-categoria","tag-festivais","tag-festival-da-penha","tag-selo-rca-victor"],"_links":{"self":[{"href":"https:\/\/www.toque-musicall.com\/index.php?rest_route=\/wp\/v2\/posts\/11067","targetHints":{"allow":["GET"]}}],"collection":[{"href":"https:\/\/www.toque-musicall.com\/index.php?rest_route=\/wp\/v2\/posts"}],"about":[{"href":"https:\/\/www.toque-musicall.com\/index.php?rest_route=\/wp\/v2\/types\/post"}],"author":[{"embeddable":true,"href":"https:\/\/www.toque-musicall.com\/index.php?rest_route=\/wp\/v2\/users\/1"}],"replies":[{"embeddable":true,"href":"https:\/\/www.toque-musicall.com\/index.php?rest_route=%2Fwp%2Fv2%2Fcomments&post=11067"}],"version-history":[{"count":2,"href":"https:\/\/www.toque-musicall.com\/index.php?rest_route=\/wp\/v2\/posts\/11067\/revisions"}],"predecessor-version":[{"id":11069,"href":"https:\/\/www.toque-musicall.com\/index.php?rest_route=\/wp\/v2\/posts\/11067\/revisions\/11069"}],"wp:attachment":[{"href":"https:\/\/www.toque-musicall.com\/index.php?rest_route=%2Fwp%2Fv2%2Fmedia&parent=11067"}],"wp:term":[{"taxonomy":"category","embeddable":true,"href":"https:\/\/www.toque-musicall.com\/index.php?rest_route=%2Fwp%2Fv2%2Fcategories&post=11067"},{"taxonomy":"post_tag","embeddable":true,"href":"https:\/\/www.toque-musicall.com\/index.php?rest_route=%2Fwp%2Fv2%2Ftags&post=11067"}],"curies":[{"name":"wp","href":"https:\/\/api.w.org\/{rel}","templated":true}]}}