{"id":11071,"date":"2025-04-10T09:45:10","date_gmt":"2025-04-10T12:45:10","guid":{"rendered":"https:\/\/www.toque-musicall.com\/?p=11071"},"modified":"2025-04-20T09:47:28","modified_gmt":"2025-04-20T12:47:28","slug":"luiz-bonfa-e-silvia-telles-1960","status":"publish","type":"post","link":"https:\/\/www.toque-musicall.com\/?p=11071","title":{"rendered":"Luiz Bonf\u00e1 E Silvia Telles (1960)"},"content":{"rendered":"\n<figure class=\"wp-block-image size-large\"><img decoding=\"async\" src=\"https:\/\/blogger.googleusercontent.com\/img\/b\/R29vZ2xl\/AVvXsEhaZpVEnpUEs9F_nIJuvVIoEbSqVwsFlHaiWRA-N2loru16poGPOhNGRPWctPgGsDxSXUZGpAPaogQs82E_yDvQO3bqM73X98HBZCvo49RtpIlcJLQjqB0YEio_KNMcbX8rKhm-N9zJZuKuGZ8hq-0ADYRo9VohPJfN2xJu-9wV2c8W9XSSodz7qxkDg3l7\/w636-h640\/R-14360955-1572968116-6592.jpg\" alt=\"\"\/><\/figure>\n\n\n\n<figure class=\"wp-block-image size-large\"><img decoding=\"async\" src=\"https:\/\/blogger.googleusercontent.com\/img\/b\/R29vZ2xl\/AVvXsEhiC4-PRwdcr12fOw2mBDFaQQje9OZdTS0n2yX56bnNOYagx_sEQRuAfw15QJ9920NyiDQLE1ynrUqQrAx04LWBoFb4YhSb-mHYdqAkmHh30MUuMwE5Zh4pAiQcVVrMzq7Y1Z-G9TkqF53Uk2ba6GXHmsrElV5GS7GSMKkBmVnNlq1AjuSvyVKjQ4VBBX2y\/w636-h640\/R-14360955-1572968116-5571.jpg\" alt=\"\"\/><\/figure>\n\n\n<div class=\"separator\">Mais um disco compacto, de sete polegadas, raridade do inicio dos anos 60 e tamb\u00e9m um dos primeiros disquinhos, ainda da fase dos 45rpm, lan\u00e7ado pela Odeon e divulgando dois de seus artistas contratados, Luiz Bonf\u00e1 e Silvia Telles. Trata-se de um compacto duplo, ou seja, com duas m\u00fasicas de cada lado, No caso aqui, quatro composi\u00e7\u00f5es de Luiz Bonf\u00e1, que ao lado de Sylvia Telles fazem deste, um disquinho especial, intimista onde se destacam perfeitamente voz e viol\u00e3o. Um belo disco, com certeza!<\/div>\n<div class=\"separator\">\u00a0<\/div>\n<div class=\"separator\">de tanto amor<\/div>\n<div class=\"separator\">de bra\u00e7os lassos<\/div>\n<div class=\"separator\">meu sonho<\/div>\n<div class=\"separator\">perdido de amor<\/div>\n<div class=\"separator\">\u00a0<\/div>\n<div class=\"separator\">\u00a0<\/div>\n<div class=\"separator\">.<\/div>","protected":false},"excerpt":{"rendered":"<p>Mais um disco compacto, de sete polegadas, raridade do inicio dos anos 60 e tamb\u00e9m um dos primeiros disquinhos, ainda da fase dos 45rpm, lan\u00e7ado pela Odeon e divulgando dois de seus artistas contratados, Luiz Bonf\u00e1 e Silvia Telles. Trata-se &hellip; <a href=\"https:\/\/www.toque-musicall.com\/?p=11071\">Continue lendo <span class=\"meta-nav\">&rarr;<\/span><\/a><\/p>\n","protected":false},"author":1,"featured_media":0,"comment_status":"closed","ping_status":"closed","sticky":false,"template":"","format":"standard","meta":{"footnotes":""},"categories":[1],"tags":[3072,3614,3153,4673],"class_list":["post-11071","post","type-post","status-publish","format-standard","hentry","category-sem-categoria","tag-compactos","tag-luiz-bonfa","tag-selo-odeon","tag-sylvia-telles"],"_links":{"self":[{"href":"https:\/\/www.toque-musicall.com\/index.php?rest_route=\/wp\/v2\/posts\/11071","targetHints":{"allow":["GET"]}}],"collection":[{"href":"https:\/\/www.toque-musicall.com\/index.php?rest_route=\/wp\/v2\/posts"}],"about":[{"href":"https:\/\/www.toque-musicall.com\/index.php?rest_route=\/wp\/v2\/types\/post"}],"author":[{"embeddable":true,"href":"https:\/\/www.toque-musicall.com\/index.php?rest_route=\/wp\/v2\/users\/1"}],"replies":[{"embeddable":true,"href":"https:\/\/www.toque-musicall.com\/index.php?rest_route=%2Fwp%2Fv2%2Fcomments&post=11071"}],"version-history":[{"count":1,"href":"https:\/\/www.toque-musicall.com\/index.php?rest_route=\/wp\/v2\/posts\/11071\/revisions"}],"predecessor-version":[{"id":11072,"href":"https:\/\/www.toque-musicall.com\/index.php?rest_route=\/wp\/v2\/posts\/11071\/revisions\/11072"}],"wp:attachment":[{"href":"https:\/\/www.toque-musicall.com\/index.php?rest_route=%2Fwp%2Fv2%2Fmedia&parent=11071"}],"wp:term":[{"taxonomy":"category","embeddable":true,"href":"https:\/\/www.toque-musicall.com\/index.php?rest_route=%2Fwp%2Fv2%2Fcategories&post=11071"},{"taxonomy":"post_tag","embeddable":true,"href":"https:\/\/www.toque-musicall.com\/index.php?rest_route=%2Fwp%2Fv2%2Ftags&post=11071"}],"curies":[{"name":"wp","href":"https:\/\/api.w.org\/{rel}","templated":true}]}}