{"id":11073,"date":"2025-04-11T21:12:52","date_gmt":"2025-04-12T00:12:52","guid":{"rendered":"https:\/\/www.toque-musicall.com\/?p=11073"},"modified":"2025-04-20T21:16:03","modified_gmt":"2025-04-21T00:16:03","slug":"nilo-amaro-e-seus-cantores-de-ebano-1962","status":"publish","type":"post","link":"https:\/\/www.toque-musicall.com\/?p=11073","title":{"rendered":"Nilo Amaro E Seus Cantores De \u00c9bano (1962)"},"content":{"rendered":"\n<figure class=\"wp-block-image size-large\"><img decoding=\"async\" src=\"https:\/\/blogger.googleusercontent.com\/img\/b\/R29vZ2xl\/AVvXsEgtijBXy0kfRrvlJDY-UiqqPCPtZVuEwm_AgfgbpUlT16wskWgup0UadDgYI_Al9LZwpBH4kxVq7O7uKWP9RFmIxz4z1dyzS3Fst5Xtia_G57GHMJ7AmSOdWYZqabsNATuQdOMezjkgStnNW_RyohCjnyiK05KYCjRGFFzy56KiA-tWeurGXj-tAcqdh5ct\/w640-h640\/Capturar.JPG\" alt=\"\"\/><\/figure>\n\n\n\n<figure class=\"wp-block-image size-large\"><img decoding=\"async\" src=\"https:\/\/blogger.googleusercontent.com\/img\/b\/R29vZ2xl\/AVvXsEj4Jx3r_3W6eBsKUW_mnSPurLTmDabBvd1OdTDOMRqSkIQCCUx5oExuYcFH9z-qTOdmfXKKGTsBwbhoABIFiF5bwgN-NhBRYjQhxXsoUYeD-0gBXhZlb2QzD-0pwPAEJI11nIji40SQ0C8onfNRyQDW_tpxW0gSceTLrEKlZKLKv8e-MIrNz4iyOW-msFnw\/w636-h640\/Capturarb.JPG\" alt=\"\"\/><\/figure>\n\n\n<div class=\"separator\">Aqui temos, Nilo Amaro e Seus Cantores de \u00c9bano numa reedi\u00e7\u00e3o do disco &#8220;Os Anjos Cantam&#8221;, primeiro lp do grupo, lan\u00e7ado em 1962 pela Odeon. Este disco fez muito sucesso, prinicpalmente pela m\u00fasica &#8220;Leva eu sodade&#8221;, de Tito Neto e Alventino Cavalcanti. Foi relan\u00e7ado quase duas d\u00e9cadas depois pela Odeon atrav\u00e9s de seu selo Fenix e desta vez com uma nova capa.\u00a0<\/div>\n<div class=\"separator\">\u00a0<\/div>\n<div class=\"separator\">leva eu sodade<\/div>\n<div class=\"separator\">boa noite<\/div>\n<div class=\"separator\">fiz a cama na varanda<\/div>\n<div class=\"separator\">can\u00e7ar de ninar meu bem<\/div>\n<div class=\"separator\">down by the riverside<\/div>\n<div class=\"separator\">greenfields<\/div>\n<div class=\"separator\">a lenda do abaet\u00e9<\/div>\n<div class=\"separator\">azul\u00e3o<\/div>\n<div class=\"separator\">eu e voc\u00ea<\/div>\n<div class=\"separator\">minha gra\u00fana<\/div>\n<div class=\"separator\">dorinha<\/div>\n<div class=\"separator\">a noiva<\/div>\n<div class=\"separator\">\u00a0<\/div>\n<div class=\"separator\">\u00a0<\/div>\n<div class=\"separator\">.<\/div>","protected":false},"excerpt":{"rendered":"<p>Aqui temos, Nilo Amaro e Seus Cantores de \u00c9bano numa reedi\u00e7\u00e3o do disco &#8220;Os Anjos Cantam&#8221;, primeiro lp do grupo, lan\u00e7ado em 1962 pela Odeon. Este disco fez muito sucesso, prinicpalmente pela m\u00fasica &#8220;Leva eu sodade&#8221;, de Tito Neto e &hellip; <a href=\"https:\/\/www.toque-musicall.com\/?p=11073\">Continue lendo <span class=\"meta-nav\">&rarr;<\/span><\/a><\/p>\n","protected":false},"author":1,"featured_media":0,"comment_status":"closed","ping_status":"closed","sticky":false,"template":"","format":"standard","meta":{"footnotes":""},"categories":[1],"tags":[5924,5925],"class_list":["post-11073","post","type-post","status-publish","format-standard","hentry","category-sem-categoria","tag-nilo-amaro-e-seus-cantores-de-ebano","tag-selo-fenix"],"_links":{"self":[{"href":"https:\/\/www.toque-musicall.com\/index.php?rest_route=\/wp\/v2\/posts\/11073","targetHints":{"allow":["GET"]}}],"collection":[{"href":"https:\/\/www.toque-musicall.com\/index.php?rest_route=\/wp\/v2\/posts"}],"about":[{"href":"https:\/\/www.toque-musicall.com\/index.php?rest_route=\/wp\/v2\/types\/post"}],"author":[{"embeddable":true,"href":"https:\/\/www.toque-musicall.com\/index.php?rest_route=\/wp\/v2\/users\/1"}],"replies":[{"embeddable":true,"href":"https:\/\/www.toque-musicall.com\/index.php?rest_route=%2Fwp%2Fv2%2Fcomments&post=11073"}],"version-history":[{"count":1,"href":"https:\/\/www.toque-musicall.com\/index.php?rest_route=\/wp\/v2\/posts\/11073\/revisions"}],"predecessor-version":[{"id":11074,"href":"https:\/\/www.toque-musicall.com\/index.php?rest_route=\/wp\/v2\/posts\/11073\/revisions\/11074"}],"wp:attachment":[{"href":"https:\/\/www.toque-musicall.com\/index.php?rest_route=%2Fwp%2Fv2%2Fmedia&parent=11073"}],"wp:term":[{"taxonomy":"category","embeddable":true,"href":"https:\/\/www.toque-musicall.com\/index.php?rest_route=%2Fwp%2Fv2%2Fcategories&post=11073"},{"taxonomy":"post_tag","embeddable":true,"href":"https:\/\/www.toque-musicall.com\/index.php?rest_route=%2Fwp%2Fv2%2Ftags&post=11073"}],"curies":[{"name":"wp","href":"https:\/\/api.w.org\/{rel}","templated":true}]}}