{"id":11075,"date":"2025-04-12T21:16:22","date_gmt":"2025-04-13T00:16:22","guid":{"rendered":"https:\/\/www.toque-musicall.com\/?p=11075"},"modified":"2025-04-20T21:17:56","modified_gmt":"2025-04-21T00:17:56","slug":"carlinhos-de-pilares-formas-e-manejos-1986","status":"publish","type":"post","link":"https:\/\/www.toque-musicall.com\/?p=11075","title":{"rendered":"Carlinhos De Pilares &#8211; Formas E Manejos (1986)\u00a0"},"content":{"rendered":"\n<figure class=\"wp-block-image size-large\"><img decoding=\"async\" src=\"https:\/\/blogger.googleusercontent.com\/img\/b\/R29vZ2xl\/AVvXsEg1eBIX_y9FKbqA6goDQj698bEz7d8nyMg5-V-eWY2Y04MbE2kE9dsmUqgVurOFuWaSvEB_G2Zhe-LXf-EZZ-yA4hG_5KP5-00qrerk_Gb09TIYN7LT6bQzx7q3yBCVXkIon2Vjft5aMaHHmLmveNidDQXfchnjNsVDnD_I2D3ZOSMVuygdPHDalU4sIo9c\/w640-h638\/Capturar.JPG\" alt=\"\"\/><\/figure>\n\n\n\n<figure class=\"wp-block-image size-large\"><img decoding=\"async\" src=\"https:\/\/blogger.googleusercontent.com\/img\/b\/R29vZ2xl\/AVvXsEi7PJwcBVBAKbRhhGkOQe36QzvJ4qc4KloIGNm0uuaBBDsFGjiVnEzcsd9X8f6-OF_Hzugi2tpPNu3CZxa3P6iqDpTQ7YGWs7z9wqWVzUEHyRFoIhNW_6i4Il-5qYqn8jXsq4b0TnkttkfNPb7rkJMNEpBFG_WO-1Yvc1mdwWITDsERSr4EZUPkYckBC-Vi\/w634-h640\/Capturarb.JPG\" alt=\"\"\/><\/figure>\n\n\n<div class=\"separator\">Aqui um lp que devia ter entrado na semana dedicada ao samba e carnaval, acabou n\u00e3o entrando l\u00e1, mas agora faz presen\u00e7a. Nosso artista de destaque \u00e9 Carlinhos de Pilares que como o pr\u00f3prio nome sugere, vem da Escola Caprichosos de Pilares. Ele era int\u00e9rprete e compositor de sambas enredo da Escola nos anos 70 e 80. Este lp foi lan\u00e7ado pela Top Tape no auge de sua carreira e no bom momento da Caprichosos de Pilares. S\u00e3o dez sambas muito bem produzidos.<\/div>\n<div class=\"separator\">\u00a0<\/div>\n<div class=\"separator\">alento de um sambista<\/div>\n<div class=\"separator\">campe\u00e3o de samba enredo<\/div>\n<div class=\"separator\">meu mal \u00e9teu mal<\/div>\n<div class=\"separator\">o bruto n\u00e3o passou<\/div>\n<div class=\"separator\">um abra\u00e7o e um aperto de m\u00e3o<\/div>\n<div class=\"separator\">mais uma vez<\/div>\n<div class=\"separator\">formas e maneiras<\/div>\n<div class=\"separator\">no capricho<\/div>\n<div class=\"separator\">parab\u00e9ns<\/div>\n<div class=\"separator\">no pa\u00eds da asombra\u00e7\u00e3o<\/div>\n<div class=\"separator\">\u00a0<\/div>\n<div class=\"separator\">\u00a0<\/div>\n<div class=\"separator\">.<\/div>","protected":false},"excerpt":{"rendered":"<p>Aqui um lp que devia ter entrado na semana dedicada ao samba e carnaval, acabou n\u00e3o entrando l\u00e1, mas agora faz presen\u00e7a. Nosso artista de destaque \u00e9 Carlinhos de Pilares que como o pr\u00f3prio nome sugere, vem da Escola Caprichosos &hellip; <a href=\"https:\/\/www.toque-musicall.com\/?p=11075\">Continue lendo <span class=\"meta-nav\">&rarr;<\/span><\/a><\/p>\n","protected":false},"author":1,"featured_media":0,"comment_status":"closed","ping_status":"closed","sticky":false,"template":"","format":"standard","meta":{"footnotes":""},"categories":[1],"tags":[5926,3133],"class_list":["post-11075","post","type-post","status-publish","format-standard","hentry","category-sem-categoria","tag-carlinhos-de-pilares","tag-selo-top-tape"],"_links":{"self":[{"href":"https:\/\/www.toque-musicall.com\/index.php?rest_route=\/wp\/v2\/posts\/11075","targetHints":{"allow":["GET"]}}],"collection":[{"href":"https:\/\/www.toque-musicall.com\/index.php?rest_route=\/wp\/v2\/posts"}],"about":[{"href":"https:\/\/www.toque-musicall.com\/index.php?rest_route=\/wp\/v2\/types\/post"}],"author":[{"embeddable":true,"href":"https:\/\/www.toque-musicall.com\/index.php?rest_route=\/wp\/v2\/users\/1"}],"replies":[{"embeddable":true,"href":"https:\/\/www.toque-musicall.com\/index.php?rest_route=%2Fwp%2Fv2%2Fcomments&post=11075"}],"version-history":[{"count":1,"href":"https:\/\/www.toque-musicall.com\/index.php?rest_route=\/wp\/v2\/posts\/11075\/revisions"}],"predecessor-version":[{"id":11076,"href":"https:\/\/www.toque-musicall.com\/index.php?rest_route=\/wp\/v2\/posts\/11075\/revisions\/11076"}],"wp:attachment":[{"href":"https:\/\/www.toque-musicall.com\/index.php?rest_route=%2Fwp%2Fv2%2Fmedia&parent=11075"}],"wp:term":[{"taxonomy":"category","embeddable":true,"href":"https:\/\/www.toque-musicall.com\/index.php?rest_route=%2Fwp%2Fv2%2Fcategories&post=11075"},{"taxonomy":"post_tag","embeddable":true,"href":"https:\/\/www.toque-musicall.com\/index.php?rest_route=%2Fwp%2Fv2%2Ftags&post=11075"}],"curies":[{"name":"wp","href":"https:\/\/api.w.org\/{rel}","templated":true}]}}