{"id":1108,"date":"2009-08-23T12:56:00","date_gmt":"2009-08-23T12:56:00","guid":{"rendered":"http:\/\/www.toque-musicall.com\/?p=1108"},"modified":"2009-08-23T12:56:00","modified_gmt":"2009-08-23T12:56:00","slug":"alaide-costa-oscar-castro-neves-1973","status":"publish","type":"post","link":"https:\/\/www.toque-musicall.com\/?p=1108","title":{"rendered":"Alaide Costa &#038; Oscar Castro Neves (1973)"},"content":{"rendered":"<p><a href=\"http:\/\/3.bp.blogspot.com\/_DSKVEvHtskc\/SpE-2irtRJI\/AAAAAAAAFQw\/9A6scru3PAY\/s1600-h\/alaide+P.JPG\"><img decoding=\"async\" style=\"display:block; margin:0px auto 10px; text-align:center;cursor:pointer; cursor:hand;width: 393px; height: 400px;\" src=\"http:\/\/3.bp.blogspot.com\/_DSKVEvHtskc\/SpE-2irtRJI\/AAAAAAAAFQw\/9A6scru3PAY\/s400\/alaide+P.JPG\" border=\"0\" alt=\"\" id=\"BLOGGER_PHOTO_ID_5373144937173697682\" \/><\/a>Bom dia amigos cultos &#038; ocultos! Neste fim de semana eu tive a honra de ser convidado pelo amigo blogueiro, o s\u00e9rvio Milan Filipovic, a participar da s\u00e9rie de colet\u00e2neas de artistas brasileiros que ele est\u00e1 promovendo em seu espa\u00e7o, o <a href=\"http:\/\/parallelrealitiesstudio.blogspot.com\/\">Parallel Realities<\/a>. Trata-se de um convite onde eu escolhi o artista e as m\u00fasicas para que ele criasse a colet\u00e2nea. Achei a ideia dele \u00f3tima e me dispus a colaborar, enviando minha sele\u00e7\u00e3o musical de uma das cantoras que eu mais gosto, a grande Alaide Costa. Para aqueles que ainda n\u00e3o conhecem o blog do cara, eu sugiro uma visita. Milan \u00e9 um apaixonado pela m\u00fasica brasileira. No <a href=\"http:\/\/parallelrealitiesstudio.blogspot.com\/\">Parallel Realities<\/a> h\u00e1 discos muito interessantes e raros.  Ele tamb\u00e9m \u00e9 um f\u00e3 incondicional da cantora Waleska e mant\u00e9m um outro blog exclusivo para ela. Se voc\u00eas querem ouvir a minha sele\u00e7\u00e3o exclusiva de Alaide Costa e tamb\u00e9m a de outros convidados, vai l\u00e1 e confiram. Tenho certeza de que voc\u00eas ir\u00e3o gostar muito.<img decoding=\"async\" src=\"http:\/\/4.bp.blogspot.com\/_DSKVEvHtskc\/SpE-xnmWTVI\/AAAAAAAAFQo\/GMi6lnk4SQY\/s200\/minha+alaide.JPG\" style=\"float:left; margin:0 10px 10px 0;cursor:pointer; cursor:hand;width: 200px; height: 200px;\" border=\"0\" alt=\"\" id=\"BLOGGER_PHOTO_ID_5373144852594052434\" \/><\/p>\n<div>E por falar na Alaide, eu resolvi hoje postar este sensacional \u00e1lbum da cantora ao lado de Oscar Castro Neves. Este \u00e9 tamb\u00e9m um dos discos da cantora que eu mais aprecio. Lan\u00e7ado no in\u00edcio dos anos 70 pela Odeon, numa fase onde ela retomava gradualmente a sua carreira, depois de ter ficado afastada do disco na segunda metade dos anos 60 por motivos de sa\u00fade. Ela teve um problema grave de audi\u00e7\u00e3o, mas nos anos 70 estava de volta e ainda melhor. Cantando ao lado de Milton Nascimento, participando da faixa &#8220;Me deixa em paz&#8221; do celebre disco do Clube da Esquina, esta foi sua nova arrancada para o lp de 1973 com Oscar Castro Neves. Aqui temos um repert\u00f3rio escolhido a dedo e apoiado por feras como Milton Miranda e Aloysio de Oliveira, que cuidaram da produ\u00e7\u00e3o. A dire\u00e7\u00e3o musical \u00e9 do maestro Gaya e a orquestra\u00e7\u00e3o e reg\u00eancia de Castro Neves. Um \u00e1lbum imperd\u00edvel que merece o nosso toque musical. Confiram&#8230;<\/div>\n<div><\/div>\n<div>\n<div style=\"text-align: center;\">obrigada meu bem<\/div>\n<div style=\"text-align: center;\">sabe voc\u00ea<\/div>\n<div style=\"text-align: center;\">s\u00f3 n\u00e3o vem voc\u00ea<\/div>\n<div style=\"text-align: center;\">caminhos<\/div>\n<div style=\"text-align: center;\">noturno<\/div>\n<div style=\"text-align: center;\">companheira da manh\u00e3<\/div>\n<div style=\"text-align: center;\">cala meu amor<\/div>\n<div style=\"text-align: center;\">outono<\/div>\n<div style=\"text-align: center;\">murm\u00farios<\/div>\n<div style=\"text-align: center;\">retrato em branco e preto<\/div>\n<div style=\"text-align: center;\">amigo amado<\/div>\n<div style=\"text-align: center;\">a dama de vermelho<\/div>\n<div style=\"text-align: center;\"><\/div>\n<div style=\"text-align: center;\"><\/div>\n<div>\n<div>\n<div style=\"text-align: left;\"><\/div>\n<\/div>\n<\/div>\n<\/div>\n","protected":false},"excerpt":{"rendered":"<p>Bom dia amigos cultos &#038; ocultos! Neste fim de semana eu tive a honra de ser convidado pelo amigo blogueiro, o s\u00e9rvio Milan Filipovic, a participar da s\u00e9rie de colet\u00e2neas de artistas brasileiros que ele est\u00e1 promovendo em seu espa\u00e7o, &hellip; <a href=\"https:\/\/www.toque-musicall.com\/?p=1108\">Continue lendo <span class=\"meta-nav\">&rarr;<\/span><\/a><\/p>\n","protected":false},"author":1,"featured_media":0,"comment_status":"open","ping_status":"closed","sticky":false,"template":"","format":"standard","meta":{"footnotes":""},"categories":[700,361],"tags":[],"class_list":["post-1108","post","type-post","status-publish","format-standard","hentry","category-alaide-costa","category-oscar-castro-neves"],"_links":{"self":[{"href":"https:\/\/www.toque-musicall.com\/index.php?rest_route=\/wp\/v2\/posts\/1108","targetHints":{"allow":["GET"]}}],"collection":[{"href":"https:\/\/www.toque-musicall.com\/index.php?rest_route=\/wp\/v2\/posts"}],"about":[{"href":"https:\/\/www.toque-musicall.com\/index.php?rest_route=\/wp\/v2\/types\/post"}],"author":[{"embeddable":true,"href":"https:\/\/www.toque-musicall.com\/index.php?rest_route=\/wp\/v2\/users\/1"}],"replies":[{"embeddable":true,"href":"https:\/\/www.toque-musicall.com\/index.php?rest_route=%2Fwp%2Fv2%2Fcomments&post=1108"}],"version-history":[{"count":0,"href":"https:\/\/www.toque-musicall.com\/index.php?rest_route=\/wp\/v2\/posts\/1108\/revisions"}],"wp:attachment":[{"href":"https:\/\/www.toque-musicall.com\/index.php?rest_route=%2Fwp%2Fv2%2Fmedia&parent=1108"}],"wp:term":[{"taxonomy":"category","embeddable":true,"href":"https:\/\/www.toque-musicall.com\/index.php?rest_route=%2Fwp%2Fv2%2Fcategories&post=1108"},{"taxonomy":"post_tag","embeddable":true,"href":"https:\/\/www.toque-musicall.com\/index.php?rest_route=%2Fwp%2Fv2%2Ftags&post=1108"}],"curies":[{"name":"wp","href":"https:\/\/api.w.org\/{rel}","templated":true}]}}