{"id":11082,"date":"2025-04-15T21:51:45","date_gmt":"2025-04-16T00:51:45","guid":{"rendered":"https:\/\/www.toque-musicall.com\/?p=11082"},"modified":"2025-04-21T21:53:19","modified_gmt":"2025-04-22T00:53:19","slug":"nazareth-compacto-1962","status":"publish","type":"post","link":"https:\/\/www.toque-musicall.com\/?p=11082","title":{"rendered":"Nazareth &#8211; Compacto (1962)"},"content":{"rendered":"\n<figure class=\"wp-block-image size-large\"><img decoding=\"async\" src=\"https:\/\/blogger.googleusercontent.com\/img\/b\/R29vZ2xl\/AVvXsEh_HG1-awAkm5npPqWEwSjTJFlP-QisbdpR0VCikxRivltuzNIN7V0I-8TxXvW7_dVe3_WMx2miZMt3cn4kheGysa9jVpIjSFom19JLL2jzln1FbVW103AX4ICxTBlFsFtyTpDihqqCXZj65m1fZZdrimpQ3Z21BRshs7yDjE6veZJZ9gE4cTooxKSqEVHo\/w638-h640\/Capturar.JPG\" alt=\"\"\/><\/figure>\n\n\n\n<figure class=\"wp-block-image size-large\"><img decoding=\"async\" src=\"https:\/\/blogger.googleusercontent.com\/img\/b\/R29vZ2xl\/AVvXsEghe1aOl9nVEc2KKnLwLvzw8MqQgBTfZLHDAikzuLtMXptyxeJu8hWP_osUg-qIknwYmCh7vLi0ZQ5m8oeZ4HVBlzXccZj0hyX17NUzrU9iHRlNJ7VUMbjj6noPUf4RRfZ6pR0vYUagXrVooQA-6hUt36IHVarXCE2imnVCsgyGRyS32lvJHUXZ5rZ5Tzw6\/w640-h638\/Capturarb.JPG\" alt=\"\"\/><\/figure>\n\n\n<div class=\"separator\">Olha a\u00ed uma boa raridade&#8230; Compacto duplo da cantora paraense Maria Nazareth. Atuou, inicialmente, em grupos locais, em especial como cantora no conjunto de Alberto Mota, que naquele in\u00edcio dos anos 60 assinava com a Polydor. E foi certamente neste mesmo momento, a cantora se destaca e grava a\u00ed seu primeiro disco, este compacto duplo da melhor qualidade. Infelizmente, numa pesquisa r\u00e1pida pela internet, n\u00e3o encontramos muita coisa sobre ela. Mas ao que se v\u00ea pelo Discogs, ela gravou outros compactos e um lp na Argentina. Ao que se sabe tamb\u00e9m, ela nos anos 70 se mudu para a Fran\u00e7a.\u00a0<\/div>\n<div class=\"separator\">\u00a0<\/div>\n<div class=\"separator\">dona baratinnha<\/div>\n<div class=\"separator\">per omnia saecula saeculorum, amen<\/div>\n<div class=\"separator\">na basedo pinguim<\/div>\n<div class=\"separator\">ningu\u00e9m chora por mim<\/div>\n<div class=\"separator\">\u00a0<\/div>\n<div class=\"separator\">\u00a0<\/div>\n<div class=\"separator\">.<\/div>","protected":false},"excerpt":{"rendered":"<p>Olha a\u00ed uma boa raridade&#8230; Compacto duplo da cantora paraense Maria Nazareth. Atuou, inicialmente, em grupos locais, em especial como cantora no conjunto de Alberto Mota, que naquele in\u00edcio dos anos 60 assinava com a Polydor. E foi certamente neste &hellip; <a href=\"https:\/\/www.toque-musicall.com\/?p=11082\">Continue lendo <span class=\"meta-nav\">&rarr;<\/span><\/a><\/p>\n","protected":false},"author":1,"featured_media":0,"comment_status":"closed","ping_status":"closed","sticky":false,"template":"","format":"standard","meta":{"footnotes":""},"categories":[1],"tags":[3072,5930,5929,3057],"class_list":["post-11082","post","type-post","status-publish","format-standard","hentry","category-sem-categoria","tag-compactos","tag-maria-nazareth","tag-nazareth","tag-selo-polydor"],"_links":{"self":[{"href":"https:\/\/www.toque-musicall.com\/index.php?rest_route=\/wp\/v2\/posts\/11082","targetHints":{"allow":["GET"]}}],"collection":[{"href":"https:\/\/www.toque-musicall.com\/index.php?rest_route=\/wp\/v2\/posts"}],"about":[{"href":"https:\/\/www.toque-musicall.com\/index.php?rest_route=\/wp\/v2\/types\/post"}],"author":[{"embeddable":true,"href":"https:\/\/www.toque-musicall.com\/index.php?rest_route=\/wp\/v2\/users\/1"}],"replies":[{"embeddable":true,"href":"https:\/\/www.toque-musicall.com\/index.php?rest_route=%2Fwp%2Fv2%2Fcomments&post=11082"}],"version-history":[{"count":1,"href":"https:\/\/www.toque-musicall.com\/index.php?rest_route=\/wp\/v2\/posts\/11082\/revisions"}],"predecessor-version":[{"id":11083,"href":"https:\/\/www.toque-musicall.com\/index.php?rest_route=\/wp\/v2\/posts\/11082\/revisions\/11083"}],"wp:attachment":[{"href":"https:\/\/www.toque-musicall.com\/index.php?rest_route=%2Fwp%2Fv2%2Fmedia&parent=11082"}],"wp:term":[{"taxonomy":"category","embeddable":true,"href":"https:\/\/www.toque-musicall.com\/index.php?rest_route=%2Fwp%2Fv2%2Fcategories&post=11082"},{"taxonomy":"post_tag","embeddable":true,"href":"https:\/\/www.toque-musicall.com\/index.php?rest_route=%2Fwp%2Fv2%2Ftags&post=11082"}],"curies":[{"name":"wp","href":"https:\/\/api.w.org\/{rel}","templated":true}]}}