{"id":1109,"date":"2009-08-22T16:05:00","date_gmt":"2009-08-22T16:05:00","guid":{"rendered":"http:\/\/www.toque-musicall.com\/?p=1109"},"modified":"2009-08-22T16:05:00","modified_gmt":"2009-08-22T16:05:00","slug":"coral-de-joab-o-melhor-das-novelas-1972","status":"publish","type":"post","link":"https:\/\/www.toque-musicall.com\/?p=1109","title":{"rendered":"Coral De Joab &#8211; O Melhor Das Novelas (1972)"},"content":{"rendered":"<p><a href=\"http:\/\/4.bp.blogspot.com\/_DSKVEvHtskc\/SpAt4RngUtI\/AAAAAAAAFPk\/31yxBSaBVaM\/s1600-h\/coral+joab+P.JPG\"><img decoding=\"async\" style=\"display:block; margin:0px auto 10px; text-align:center;cursor:pointer; cursor:hand;width: 398px; height: 400px;\" src=\"http:\/\/4.bp.blogspot.com\/_DSKVEvHtskc\/SpAt4RngUtI\/AAAAAAAAFPk\/31yxBSaBVaM\/s400\/coral+joab+P.JPG\" border=\"0\" alt=\"\" id=\"BLOGGER_PHOTO_ID_5372844800278024914\" \/><\/a>Ol\u00e1 amigos cultos e ocultos! Em janeiro deste ano eu postei um compacto com o tema da Copa do Mundo de 70, o famoso <a href=\"http:\/\/toque-musicall.blogspot.com\/2009\/01\/orquestra-guerra-peixe-coral-de-joab.html\">&#8220;<\/a><a href=\"http:\/\/toque-musicall.blogspot.com\/2009\/01\/orquestra-guerra-peixe-coral-de-joab.html\">Pr\u00e1<\/a><a href=\"http:\/\/toque-musicall.blogspot.com\/2009\/01\/orquestra-guerra-peixe-coral-de-joab.html\"> frente Brasil&#8221;<\/a>, um disquinho com a orquestra do maestro Guerra Peixe em conjunto com o Coral de Joab. Ficou desde ent\u00e3o uma d\u00favida ou uma quest\u00e3o a ser esclarecida: quem era o Coral de Joab? Ta\u00ed uma pergunta que eu n\u00e3o soube responder, embora tenha insistentemente procurado informa\u00e7\u00f5es. Passado todo esse tempo, ainda continuo na mesma&#8230; Nem com meu faro de detetive Olho Vivo consegui chegar \u00e0s vias de fato. O pouco que eu sei \u00e9 que este coral foi muito atuante nos anos 60 e 70. Gravaram muitos jingles, trilhas, discos comemorativos e tamb\u00e9m atuaram como &#8216;pano de fundo&#8217; para diversos artistas. <\/p>\n<div>Eu n\u00e3o achei mais informa\u00e7\u00f5es, mas encontrei um outro disco deles com temas de novelas. Eis aqui o \u00e1lbum &#8220;O melhor das novelas&#8221;. S\u00e3o temas bastante conhecidos, principalmente para a turma que est\u00e1 acima dos 40. Um disco muito interessante. Vale uma conferida e se poss\u00edvel uma luz&#8230; um complemento informativo sobre o grupo. Estou aguardando&#8230; \ud83d\ude09<\/div>\n<div><\/div>\n<div>\n<div style=\"text-align: center;\">o bofe (tema de o bofe)<\/div>\n<div style=\"text-align: center;\">love&#8217;s whistle (tema de bandeira 2)<\/div>\n<div style=\"text-align: center;\">o primeiro amor (tema de o primeiro amor)<\/div>\n<div style=\"text-align: center;\">a m\u00fasica do meu caminho (tema de o pre\u00e7o de um homem)<\/div>\n<div style=\"text-align: center;\">candida (tema de sol amarelo)<\/div>\n<div style=\"text-align: center;\">rock and roll lullaby (tema de selva de pedra)<\/div>\n<div style=\"text-align: center;\">bel-ami (tema de bel-ami)<\/div>\n<div style=\"text-align: center;\">voc\u00ea n\u00e3o t\u00e1 com nada (tema de bandeira 2)<\/div>\n<div style=\"text-align: center;\">na selva de pedra (tema de selva de pedra)<\/div>\n<div style=\"text-align: center;\">mariana (tema de o primeiro amor)<\/div>\n<div style=\"text-align: center;\">hippie (tema de o pre\u00e7o de um homem)<\/div>\n<div style=\"text-align: center;\">selva de pedra (tema deo primeiro amor)<\/div>\n<div style=\"text-align: center;\"><\/div>\n<div style=\"text-align: center;\"><\/div>\n<\/div>\n","protected":false},"excerpt":{"rendered":"<p>Ol\u00e1 amigos cultos e ocultos! Em janeiro deste ano eu postei um compacto com o tema da Copa do Mundo de 70, o famoso &#8220;Pr\u00e1 frente Brasil&#8221;, um disquinho com a orquestra do maestro Guerra Peixe em conjunto com o &hellip; <a href=\"https:\/\/www.toque-musicall.com\/?p=1109\">Continue lendo <span class=\"meta-nav\">&rarr;<\/span><\/a><\/p>\n","protected":false},"author":1,"featured_media":0,"comment_status":"open","ping_status":"closed","sticky":false,"template":"","format":"standard","meta":{"footnotes":""},"categories":[1116,346],"tags":[],"class_list":["post-1109","post","type-post","status-publish","format-standard","hentry","category-coral-joab","category-trilhas"],"_links":{"self":[{"href":"https:\/\/www.toque-musicall.com\/index.php?rest_route=\/wp\/v2\/posts\/1109","targetHints":{"allow":["GET"]}}],"collection":[{"href":"https:\/\/www.toque-musicall.com\/index.php?rest_route=\/wp\/v2\/posts"}],"about":[{"href":"https:\/\/www.toque-musicall.com\/index.php?rest_route=\/wp\/v2\/types\/post"}],"author":[{"embeddable":true,"href":"https:\/\/www.toque-musicall.com\/index.php?rest_route=\/wp\/v2\/users\/1"}],"replies":[{"embeddable":true,"href":"https:\/\/www.toque-musicall.com\/index.php?rest_route=%2Fwp%2Fv2%2Fcomments&post=1109"}],"version-history":[{"count":0,"href":"https:\/\/www.toque-musicall.com\/index.php?rest_route=\/wp\/v2\/posts\/1109\/revisions"}],"wp:attachment":[{"href":"https:\/\/www.toque-musicall.com\/index.php?rest_route=%2Fwp%2Fv2%2Fmedia&parent=1109"}],"wp:term":[{"taxonomy":"category","embeddable":true,"href":"https:\/\/www.toque-musicall.com\/index.php?rest_route=%2Fwp%2Fv2%2Fcategories&post=1109"},{"taxonomy":"post_tag","embeddable":true,"href":"https:\/\/www.toque-musicall.com\/index.php?rest_route=%2Fwp%2Fv2%2Ftags&post=1109"}],"curies":[{"name":"wp","href":"https:\/\/api.w.org\/{rel}","templated":true}]}}