{"id":1110,"date":"2009-08-21T15:43:00","date_gmt":"2009-08-21T15:43:00","guid":{"rendered":"http:\/\/www.toque-musicall.com\/?p=1110"},"modified":"2009-08-21T15:43:00","modified_gmt":"2009-08-21T15:43:00","slug":"thildo-gama-conexao-raul-seixas-1992","status":"publish","type":"post","link":"https:\/\/www.toque-musicall.com\/?p=1110","title":{"rendered":"Thildo Gama &#8211; Conex\u00e3o Raul Seixas (1992)"},"content":{"rendered":"<p><a href=\"http:\/\/2.bp.blogspot.com\/_DSKVEvHtskc\/So7lXqZP6zI\/AAAAAAAAFO0\/kAVMO8PtnsE\/s1600-h\/Thildo+Gama+P.JPG\"><img decoding=\"async\" style=\"display:block; margin:0px auto 10px; text-align:center;cursor:pointer; cursor:hand;width: 396px; height: 400px;\" src=\"http:\/\/2.bp.blogspot.com\/_DSKVEvHtskc\/So7lXqZP6zI\/AAAAAAAAFO0\/kAVMO8PtnsE\/s400\/Thildo+Gama+P.JPG\" border=\"0\" alt=\"\" id=\"BLOGGER_PHOTO_ID_5372483600179522354\" \/><\/a>Ol\u00e1! Pelo jeito parece que a sexta-feira, aqui no Toque Musical virou mesmo o dia do artista independente, pois eu s\u00f3 me lembro de post\u00e1-lo quando a semana j\u00e1 vai acabando. Na verdade eu at\u00e9 prefiro n\u00e3o ter um dia certo para essas postagens especiais. J\u00e1 fui muito criticado por tomar essa iniciativa, mas n\u00e3o vou desistir. O espa\u00e7o continua sempre aberto&#8230;<\/p>\n<div>Hoje vou pegar dois coelhos numa &#8216;bodocada&#8217; s\u00f3. Temos aqui um curioso disco independente lan\u00e7ado em 1992 pelo baiano <a href=\"http:\/\/thildogama.com\/\">Thildo Gama<\/a>. Para aqueles que n\u00e3o sabem ele foi um dos integrantes das duas primeira bandas de rock de Raul Seixas &#8211; Os Rel\u00e2mpagos do Rock e Os Panteras. Amigo de inf\u00e2ncia do &#8216;maluco beleza&#8217;, Thildo Gama se tornou uma esp\u00e9cie de porta-voz das mem\u00f3rias baianas de Raulzito. Tem carregado a bandeira do Raul, atrav\u00e9s do seu &#8220;Raul Seixas Forever F\u00e3 Clube&#8221;. Este disco, pelo que eu pude entender, \u00e9 o volume 3 de uma s\u00e9rie em homenagem ao seu amigo e \u00eddolo. Trata-se de um \u00e1lbum daqueles feitos para se ouvir com outros olhos, uma curiosidade t\u00edpica do Toque Musical. Curioso at\u00e9 na capa, tem que ver&#8230; Sobrou inclusive para a Irm\u00e3 Dulce, que tamb\u00e9m \u00e9 homenageada no canto inferior da contracapa (essa nem eu entendi&#8230;). Chamo a aten\u00e7\u00e3o, em especial, para um registro inclu\u00eddo no disco, uma grava\u00e7\u00e3o caseira de Raul Seixas, cantando em ingl\u00eas para Edith em 1967. A segunda pedra do bodoque corresponde \u00e0 minha homenagem ao saudoso roqueiro tupiniquim, relembrando os vinte anos de sua morte. Inclu\u00ed no arquivo, como b\u00f4nus, uma m\u00fasica de Raul e Paulo Coelho, a censurada &#8220;Por qu\u00ea?&#8221;, que fez parte da trilha da novela &#8220;o Reb\u00fa&#8221;. Aqui ela \u00e9 cantada pelo pr\u00f3prio autor, numa reconstitui\u00e7\u00e3o remix e volta com nome e letra original &#8220;Gospel&#8221;. Salve Raul! &#8220;Fa\u00e7a o que tu queres. H\u00e1 de ser tudo da lei&#8221;<\/p>\n<div><\/div>\n<div style=\"text-align: center;\">l\u00e1 vai meu sol<\/div>\n<div style=\"text-align: center;\">princesa dourada<\/div>\n<div style=\"text-align: center;\">n\u00e3o pude te esquecer<\/div>\n<div style=\"text-align: center;\">m\u00fasico frustrado<\/div>\n<div style=\"text-align: center;\">o amigo que se foi<\/div>\n<div style=\"text-align: center;\">raul cantando para edith em 1967<\/div>\n<div style=\"text-align: center;\">tributo a raul seixas<\/div>\n<div style=\"text-align: center;\">opus 666<\/div>\n<div style=\"text-align: center;\">nunca mais<\/div>\n<div style=\"text-align: center;\">acabou-se o que era mole<\/div>\n<div style=\"text-align: center;\">meninos de rua<\/div>\n<div style=\"text-align: center;\">sonhei com o rei do rock<\/div>\n<div style=\"text-align: center;\">canto para a minha morte<\/div>\n<div style=\"text-align: center;\">rauzito e seus panteras<\/div>\n<div style=\"text-align: center;\">B\u00f4nus<\/div>\n<div style=\"text-align: center;\">gospel &#8211; raul seixas<\/div>\n<div style=\"text-align: center;\">por qu\u00ea &#8211; trilha da novela o rebu<\/div>\n<div style=\"text-align: center;\"><\/div>\n<div style=\"text-align: center;\"><\/div>\n<\/div>\n","protected":false},"excerpt":{"rendered":"<p>Ol\u00e1! Pelo jeito parece que a sexta-feira, aqui no Toque Musical virou mesmo o dia do artista independente, pois eu s\u00f3 me lembro de post\u00e1-lo quando a semana j\u00e1 vai acabando. Na verdade eu at\u00e9 prefiro n\u00e3o ter um dia &hellip; <a href=\"https:\/\/www.toque-musicall.com\/?p=1110\">Continue lendo <span class=\"meta-nav\">&rarr;<\/span><\/a><\/p>\n","protected":false},"author":1,"featured_media":0,"comment_status":"open","ping_status":"closed","sticky":false,"template":"","format":"standard","meta":{"footnotes":""},"categories":[582,1335],"tags":[],"class_list":["post-1110","post","type-post","status-publish","format-standard","hentry","category-raul-seixas","category-thildo-gama"],"_links":{"self":[{"href":"https:\/\/www.toque-musicall.com\/index.php?rest_route=\/wp\/v2\/posts\/1110","targetHints":{"allow":["GET"]}}],"collection":[{"href":"https:\/\/www.toque-musicall.com\/index.php?rest_route=\/wp\/v2\/posts"}],"about":[{"href":"https:\/\/www.toque-musicall.com\/index.php?rest_route=\/wp\/v2\/types\/post"}],"author":[{"embeddable":true,"href":"https:\/\/www.toque-musicall.com\/index.php?rest_route=\/wp\/v2\/users\/1"}],"replies":[{"embeddable":true,"href":"https:\/\/www.toque-musicall.com\/index.php?rest_route=%2Fwp%2Fv2%2Fcomments&post=1110"}],"version-history":[{"count":0,"href":"https:\/\/www.toque-musicall.com\/index.php?rest_route=\/wp\/v2\/posts\/1110\/revisions"}],"wp:attachment":[{"href":"https:\/\/www.toque-musicall.com\/index.php?rest_route=%2Fwp%2Fv2%2Fmedia&parent=1110"}],"wp:term":[{"taxonomy":"category","embeddable":true,"href":"https:\/\/www.toque-musicall.com\/index.php?rest_route=%2Fwp%2Fv2%2Fcategories&post=1110"},{"taxonomy":"post_tag","embeddable":true,"href":"https:\/\/www.toque-musicall.com\/index.php?rest_route=%2Fwp%2Fv2%2Ftags&post=1110"}],"curies":[{"name":"wp","href":"https:\/\/api.w.org\/{rel}","templated":true}]}}