{"id":11102,"date":"2025-04-24T20:52:20","date_gmt":"2025-04-24T23:52:20","guid":{"rendered":"https:\/\/www.toque-musicall.com\/?p=11102"},"modified":"2025-05-08T20:56:10","modified_gmt":"2025-05-08T23:56:10","slug":"marcia-eu-e-a-brisa-1968","status":"publish","type":"post","link":"https:\/\/www.toque-musicall.com\/?p=11102","title":{"rendered":"M\u00e1rcia &#8211; Eu E A Brisa (1968)\u00a0"},"content":{"rendered":"\n<figure class=\"wp-block-image size-large\"><img decoding=\"async\" src=\"https:\/\/blogger.googleusercontent.com\/img\/b\/R29vZ2xl\/AVvXsEhY0DULDQhYKfUyeiG1D2b37T1FvUFIje0UeV_h6SJ67eyokClIWrjDzypzgWRooYhsc-xAI4DIE1k9WO3z0EznneQaiS9jY29uSrfhV5SLl7TL33FbZHowttBsd7N569tDMQzhTX4rHFSinDnPVfBJ5DQYMsphqepD-5Qsqbpa55a_mdMoaYo40XHBQj_b\/w640-h630\/Capturar.JPG\" alt=\"\"\/><\/figure>\n\n\n\n<figure class=\"wp-block-image size-large\"><img decoding=\"async\" src=\"https:\/\/blogger.googleusercontent.com\/img\/b\/R29vZ2xl\/AVvXsEhpTaq8m4usObmbF0AegPJpy5Hhxqe7AznWM27u6zWkJjp5MPyE3_H3eNTG33wmaE3RU17IaeqsUol_c3nd5eg9mgmmp4x19ZQhIF_WUNTgtDSyVLISakTfj28JcQzN3uG_YkGtJI9mQjp0q-gZn4WgnmdH5shwixD3hDPZ1_lD9qyfVwjLtlDZ0Xf7ZzIH\/w638-h640\/Capturarb.JPG\" alt=\"\"\/><\/figure>\n\n\n<div class=\"separator\">E aqui temos um disco que n\u00e3o poderia faltar em nossa lista, o primeiro lp da cantora M\u00e1rcia. &#8220;Eu e a brisa&#8221;, lan\u00e7ado em 1968 pela Companhia Brasileira de Discos, atrav\u00e9s do selo Philips. Este lp \u00e9 fruto do sucesso da cantora interpretando a can\u00e7\u00e3o de Johnny Alf no 3\u00ba Festival da MPB, da TV Record, que curiosamente nem chegou a ser classificada. Mas foi, sem d\u00favida um dos maiores sucessos de M\u00e1rcia. \u00c1lbum de estreia, traz um repert\u00f3rio refinado. Um vinil que hoje em dia est\u00e1 sumido da pra\u00e7a. Quem catou, catou&#8230;<\/div>\n<div class=\"separator\">\u00a0<\/div>\n<div class=\"separator\">eu e a brisa<\/div>\n<div class=\"separator\">pra machucar meu cora\u00e7\u00e3o<\/div>\n<div class=\"separator\">can\u00e7\u00e3o que morre no ar<\/div>\n<div class=\"separator\">se a gente morresse de amor<\/div>\n<div class=\"separator\">\u00e9 precisa dizer adeus<\/div>\n<div class=\"separator\">passa por mim<\/div>\n<div class=\"separator\">a volta<\/div>\n<div class=\"separator\">samba da pergunta<\/div>\n<div class=\"separator\">dorme profundo<\/div>\n<div class=\"separator\">aula de matem\u00e1tica<\/div>\n<div class=\"separator\">de voc\u00ea eu gosto<\/div>\n<div class=\"separator\">eu tamb\u00e9m preciso de voc\u00ea<\/div>\n<div class=\"separator\">\u00a0<\/div>\n<div>\u00a0<\/div>\n<div class=\"separator\">\u00a0<\/div>\n<div class=\"separator\">.<\/div>\n<div class=\"separator\">\u00a0<\/div>","protected":false},"excerpt":{"rendered":"<p>E aqui temos um disco que n\u00e3o poderia faltar em nossa lista, o primeiro lp da cantora M\u00e1rcia. &#8220;Eu e a brisa&#8221;, lan\u00e7ado em 1968 pela Companhia Brasileira de Discos, atrav\u00e9s do selo Philips. Este lp \u00e9 fruto do sucesso &hellip; <a href=\"https:\/\/www.toque-musicall.com\/?p=11102\">Continue lendo <span class=\"meta-nav\">&rarr;<\/span><\/a><\/p>\n","protected":false},"author":1,"featured_media":0,"comment_status":"closed","ping_status":"closed","sticky":false,"template":"","format":"standard","meta":{"footnotes":""},"categories":[1],"tags":[3337,3012],"class_list":["post-11102","post","type-post","status-publish","format-standard","hentry","category-sem-categoria","tag-marcia","tag-selo-philips"],"_links":{"self":[{"href":"https:\/\/www.toque-musicall.com\/index.php?rest_route=\/wp\/v2\/posts\/11102","targetHints":{"allow":["GET"]}}],"collection":[{"href":"https:\/\/www.toque-musicall.com\/index.php?rest_route=\/wp\/v2\/posts"}],"about":[{"href":"https:\/\/www.toque-musicall.com\/index.php?rest_route=\/wp\/v2\/types\/post"}],"author":[{"embeddable":true,"href":"https:\/\/www.toque-musicall.com\/index.php?rest_route=\/wp\/v2\/users\/1"}],"replies":[{"embeddable":true,"href":"https:\/\/www.toque-musicall.com\/index.php?rest_route=%2Fwp%2Fv2%2Fcomments&post=11102"}],"version-history":[{"count":2,"href":"https:\/\/www.toque-musicall.com\/index.php?rest_route=\/wp\/v2\/posts\/11102\/revisions"}],"predecessor-version":[{"id":11105,"href":"https:\/\/www.toque-musicall.com\/index.php?rest_route=\/wp\/v2\/posts\/11102\/revisions\/11105"}],"wp:attachment":[{"href":"https:\/\/www.toque-musicall.com\/index.php?rest_route=%2Fwp%2Fv2%2Fmedia&parent=11102"}],"wp:term":[{"taxonomy":"category","embeddable":true,"href":"https:\/\/www.toque-musicall.com\/index.php?rest_route=%2Fwp%2Fv2%2Fcategories&post=11102"},{"taxonomy":"post_tag","embeddable":true,"href":"https:\/\/www.toque-musicall.com\/index.php?rest_route=%2Fwp%2Fv2%2Ftags&post=11102"}],"curies":[{"name":"wp","href":"https:\/\/api.w.org\/{rel}","templated":true}]}}