{"id":11108,"date":"2025-04-26T21:06:21","date_gmt":"2025-04-27T00:06:21","guid":{"rendered":"https:\/\/www.toque-musicall.com\/?p=11108"},"modified":"2025-05-11T21:08:06","modified_gmt":"2025-05-12T00:08:06","slug":"joao-pinheiro-e-jose-vieira-violoes-em-seresta-1968","status":"publish","type":"post","link":"https:\/\/www.toque-musicall.com\/?p=11108","title":{"rendered":"Jo\u00e3o Pinheiro E Jos\u00e9 Vieira &#8211; Viol\u00f5es Em Seresta (1968)"},"content":{"rendered":"\n<figure class=\"wp-block-image size-large\"><img decoding=\"async\" src=\"https:\/\/blogger.googleusercontent.com\/img\/b\/R29vZ2xl\/AVvXsEhZgDOQ10oSNAa13HsrUeN6gA3LWzCrySOqGjYjWKPfT5UyLLYfW4nAi2xWmA6b_9We441zLB1suBH9e8J-dQ8likbMMMMeq0FydIg6MLkzxzF1Bv7V3P07VwMidETPvjFC1-HK8H0VpAu5BjDpdvdEMLrwNpBcZLWCW4kxHZG_I8dygBecPSILxRC8tzSM\/w640-h622\/Capturar.JPG\" alt=\"\"\/><\/figure>\n\n\n\n<figure class=\"wp-block-image size-large\"><img decoding=\"async\" src=\"https:\/\/blogger.googleusercontent.com\/img\/b\/R29vZ2xl\/AVvXsEhcbQJEqmRLdc8XPbbIFwbOxnNfEyNdKX_SiI0YUxTHqc003E3F5fyQ7C8VA-PLMXp5fK7jsR4vKSAweBYTtnE31IZEl8jTH2rjmZEUbn-jVr9btQgIWnUDFQo5lD1qmhyphenhyphenAVgS6KHm3hX6wseCWwKKPx77WcJP1GQPXVkv4O_YAgxaLnpg58LFmelVdmAx3\/w618-h640\/Capturarb.JPG\" alt=\"\"\/><\/figure>\n\n\n<div class=\"separator\">Como bom mineiro, n\u00e3o podemos deixar passar a prata da casa. Aqui, um disco da Bemol, produ\u00e7\u00e3o dos anos 60 trazendo a seresta na vis\u00e3o e interpreta\u00e7\u00e3o de dois grandes seresteiros mineiros, os violonistas e compositores Jo\u00e3o Pinheiro e Jos\u00e9 Vieira. Foram artistas, m\u00fasicos autodidatas, compositores emp\u00edricos mineiros que atuaram dos anos 50 aos 70. Seus registros musicais e suas obras contaram com produ\u00e7\u00f5es modestas e locais. Jos\u00e9 Vieira aparece em outros discos e aqui j\u00e1 o apresentamos em lp tamb\u00e9m gravado no est\u00fadio Bemol, nos anos 70. Boa parte da transcri\u00e7\u00e3o musical das obras desses dois compositores foram feitas pelo m\u00fasico e pesquisador Jos\u00e9 Pascoal Guimar\u00e3es e hoje seu acervo pertence a Escola de M\u00fasica da UFMG.<\/div>\n<div class=\"separator\">\u00a0<\/div>\n<div class=\"separator\">abismo de rosas<\/div>\n<div class=\"separator\">densgoso<\/div>\n<div class=\"separator\">carmem l\u00facia<\/div>\n<div class=\"separator\">o destino desfolhou<\/div>\n<div class=\"separator\">genilda<\/div>\n<div class=\"separator\">marcha dos marinheiros<\/div>\n<div class=\"separator\">branca\u00a0<\/div>\n<div class=\"separator\">hiumara<\/div>\n<div class=\"separator\">triste carnaval<\/div>\n<div class=\"separator\">horizontina<\/div>\n<div class=\"separator\">pingo de orvalho<\/div>\n<div class=\"separator\">mimi<\/div>\n<div class=\"separator\">\u00a0<\/div>\n<div class=\"separator\">\u00a0<\/div>\n<div class=\"separator\">.<\/div>\n<p>&nbsp;<\/p>","protected":false},"excerpt":{"rendered":"<p>Como bom mineiro, n\u00e3o podemos deixar passar a prata da casa. Aqui, um disco da Bemol, produ\u00e7\u00e3o dos anos 60 trazendo a seresta na vis\u00e3o e interpreta\u00e7\u00e3o de dois grandes seresteiros mineiros, os violonistas e compositores Jo\u00e3o Pinheiro e Jos\u00e9 &hellip; <a href=\"https:\/\/www.toque-musicall.com\/?p=11108\">Continue lendo <span class=\"meta-nav\">&rarr;<\/span><\/a><\/p>\n","protected":false},"author":1,"featured_media":0,"comment_status":"closed","ping_status":"closed","sticky":false,"template":"","format":"standard","meta":{"footnotes":""},"categories":[1],"tags":[5940,3502,3397],"class_list":["post-11108","post","type-post","status-publish","format-standard","hentry","category-sem-categoria","tag-joao-pinheiro","tag-jose-vieira","tag-selo-bemol"],"_links":{"self":[{"href":"https:\/\/www.toque-musicall.com\/index.php?rest_route=\/wp\/v2\/posts\/11108","targetHints":{"allow":["GET"]}}],"collection":[{"href":"https:\/\/www.toque-musicall.com\/index.php?rest_route=\/wp\/v2\/posts"}],"about":[{"href":"https:\/\/www.toque-musicall.com\/index.php?rest_route=\/wp\/v2\/types\/post"}],"author":[{"embeddable":true,"href":"https:\/\/www.toque-musicall.com\/index.php?rest_route=\/wp\/v2\/users\/1"}],"replies":[{"embeddable":true,"href":"https:\/\/www.toque-musicall.com\/index.php?rest_route=%2Fwp%2Fv2%2Fcomments&post=11108"}],"version-history":[{"count":1,"href":"https:\/\/www.toque-musicall.com\/index.php?rest_route=\/wp\/v2\/posts\/11108\/revisions"}],"predecessor-version":[{"id":11109,"href":"https:\/\/www.toque-musicall.com\/index.php?rest_route=\/wp\/v2\/posts\/11108\/revisions\/11109"}],"wp:attachment":[{"href":"https:\/\/www.toque-musicall.com\/index.php?rest_route=%2Fwp%2Fv2%2Fmedia&parent=11108"}],"wp:term":[{"taxonomy":"category","embeddable":true,"href":"https:\/\/www.toque-musicall.com\/index.php?rest_route=%2Fwp%2Fv2%2Fcategories&post=11108"},{"taxonomy":"post_tag","embeddable":true,"href":"https:\/\/www.toque-musicall.com\/index.php?rest_route=%2Fwp%2Fv2%2Ftags&post=11108"}],"curies":[{"name":"wp","href":"https:\/\/api.w.org\/{rel}","templated":true}]}}