{"id":1111,"date":"2009-08-20T09:48:00","date_gmt":"2009-08-20T09:48:00","guid":{"rendered":"http:\/\/www.toque-musicall.com\/?p=1111"},"modified":"2009-08-20T09:48:00","modified_gmt":"2009-08-20T09:48:00","slug":"jackson-do-pandeiro-o-cabra-da-peste-1966","status":"publish","type":"post","link":"https:\/\/www.toque-musicall.com\/?p=1111","title":{"rendered":"Jackson Do Pandeiro &#8211; O Cabra Da Peste (1966)"},"content":{"rendered":"<p><a href=\"http:\/\/1.bp.blogspot.com\/_DSKVEvHtskc\/So0eVmq_MoI\/AAAAAAAAFN4\/f9-_3kL_3lM\/s1600-h\/jackson+do+pandeiro+P.JPG\"><img decoding=\"async\" style=\"display:block; margin:0px auto 10px; text-align:center;cursor:pointer; cursor:hand;width: 394px; height: 400px;\" src=\"http:\/\/1.bp.blogspot.com\/_DSKVEvHtskc\/So0eVmq_MoI\/AAAAAAAAFN4\/f9-_3kL_3lM\/s400\/jackson+do+pandeiro+P.JPG\" border=\"0\" alt=\"\" id=\"BLOGGER_PHOTO_ID_5371983287029805698\" \/><\/a>Ol\u00e1s! Eu estou chegando num ponto em que j\u00e1 come\u00e7o a perder a no\u00e7\u00e3o do que j\u00e1 postei aqui no Toque Musical. Para piorar, a ferramenta de pesquisa de postagens no blog n\u00e3o est\u00e1 funcionando como em outros blogs semelhantes. Ainda n\u00e3o consegui entender o motivo. Esta era uma das maneiras que eu usava para checar o que j\u00e1 havia sido publicado. O jeito agora \u00e9 buscar outras alternativas. O que mais me preocupa \u00e9 saber que muitos de voc\u00eas acabar\u00e3o passando pelo TM sem ter conhecido inteiramente o seu acervo. Por isso, tenho insistido na alternativa de procura pela letra inicial do artista. Imagino que existam mil outras maneiras de resolver isso, s\u00f3 que ainda n\u00e3o as encontrei.<\/p>\n<div>Hoje eu estou trazendo um disco que j\u00e1 n\u00e3o \u00e9 mais nenhuma novidade\/raridade e eu s\u00f3 fui me dar conta disso depois de tudo pronto e preparado. Foi s\u00f3 na hora da postagem que percebi que &#8220;O Cabra da Peste&#8221; \u00e9 um disco cl\u00e1ssico, que n\u00e3o sai de moda (se \u00e9 que podemos dizer assim). Ali\u00e1s, o Jackson do Pandeiro \u00e9 que \u00e9 o classico. Lan\u00e7ado nos anos 60, foi relan\u00e7ado nos anos 70 e 80 em vinil. Nos 90 ele saiu em cd e no novo millenio ele foi novamente reeditado e relan\u00e7ado com uma nova capa. Ainda est\u00e1 a venda! Assim sendo, n\u00e3o haveria motivo para que eu o publicasse. Para mim, n\u00e3o faz sentido publicar o que pode ser encontrado facilmente ou que ainda esteja a venda. Mas depois do  todo trabalho que tive, sinto muito&#8230; mas agora j\u00e1 foi&#8230; N\u00e3o carece nem de muitas apresenta\u00e7\u00f5es, n\u00e3o \u00e9 mesmo?<\/div>\n<div>Vamos nessa, j\u00e1 que som \u00e9 do pandeiro \ud83d\ude42<\/div>\n<div><\/div>\n<div style=\"text-align: center;\">capoeira mata um<\/div>\n<div style=\"text-align: center;\">t\u00e1 roendo<\/div>\n<div style=\"text-align: center;\">a ordem \u00e9 samb\u00e1<\/div>\n<div style=\"text-align: center;\">pinicapau<\/div>\n<div style=\"text-align: center;\">forr\u00f3 quentinho<\/div>\n<div style=\"text-align: center;\">bodocong\u00f4<\/div>\n<div style=\"text-align: center;\">secret\u00e1ria do diabo<\/div>\n<div style=\"text-align: center;\">vou sambalan\u00e7ar<\/div>\n<div style=\"text-align: center;\">alegria do vaqueiro<\/div>\n<div style=\"text-align: center;\">forr\u00f3 do bi\u00e1<\/div>\n<div style=\"text-align: center;\">papai vem de trem<\/div>\n<div style=\"text-align: center;\"><\/div>\n<div style=\"text-align: center;\"><\/div>\n","protected":false},"excerpt":{"rendered":"<p>Ol\u00e1s! Eu estou chegando num ponto em que j\u00e1 come\u00e7o a perder a no\u00e7\u00e3o do que j\u00e1 postei aqui no Toque Musical. Para piorar, a ferramenta de pesquisa de postagens no blog n\u00e3o est\u00e1 funcionando como em outros blogs semelhantes. &hellip; <a href=\"https:\/\/www.toque-musicall.com\/?p=1111\">Continue lendo <span class=\"meta-nav\">&rarr;<\/span><\/a><\/p>\n","protected":false},"author":1,"featured_media":0,"comment_status":"open","ping_status":"closed","sticky":false,"template":"","format":"standard","meta":{"footnotes":""},"categories":[119],"tags":[],"class_list":["post-1111","post","type-post","status-publish","format-standard","hentry","category-jackson-do-pandeiro"],"_links":{"self":[{"href":"https:\/\/www.toque-musicall.com\/index.php?rest_route=\/wp\/v2\/posts\/1111","targetHints":{"allow":["GET"]}}],"collection":[{"href":"https:\/\/www.toque-musicall.com\/index.php?rest_route=\/wp\/v2\/posts"}],"about":[{"href":"https:\/\/www.toque-musicall.com\/index.php?rest_route=\/wp\/v2\/types\/post"}],"author":[{"embeddable":true,"href":"https:\/\/www.toque-musicall.com\/index.php?rest_route=\/wp\/v2\/users\/1"}],"replies":[{"embeddable":true,"href":"https:\/\/www.toque-musicall.com\/index.php?rest_route=%2Fwp%2Fv2%2Fcomments&post=1111"}],"version-history":[{"count":0,"href":"https:\/\/www.toque-musicall.com\/index.php?rest_route=\/wp\/v2\/posts\/1111\/revisions"}],"wp:attachment":[{"href":"https:\/\/www.toque-musicall.com\/index.php?rest_route=%2Fwp%2Fv2%2Fmedia&parent=1111"}],"wp:term":[{"taxonomy":"category","embeddable":true,"href":"https:\/\/www.toque-musicall.com\/index.php?rest_route=%2Fwp%2Fv2%2Fcategories&post=1111"},{"taxonomy":"post_tag","embeddable":true,"href":"https:\/\/www.toque-musicall.com\/index.php?rest_route=%2Fwp%2Fv2%2Ftags&post=1111"}],"curies":[{"name":"wp","href":"https:\/\/api.w.org\/{rel}","templated":true}]}}