{"id":11112,"date":"2025-04-28T18:27:01","date_gmt":"2025-04-28T21:27:01","guid":{"rendered":"https:\/\/www.toque-musicall.com\/?p=11112"},"modified":"2025-05-13T18:33:16","modified_gmt":"2025-05-13T21:33:16","slug":"blitz-voce-nao-soube-me-amar-1982","status":"publish","type":"post","link":"https:\/\/www.toque-musicall.com\/?p=11112","title":{"rendered":"Blitz &#8211; Voc\u00ea N\u00e3o Soube Me Amar (1982)\u00a0"},"content":{"rendered":"\n<figure class=\"wp-block-image size-large\"><img decoding=\"async\" src=\"https:\/\/blogger.googleusercontent.com\/img\/b\/R29vZ2xl\/AVvXsEgh1KVvVknsKbQyhTPtczGLeZOoRGdiamwA20V5ej6UEW_Ig_5uS7Gq0ofhHsXPdD1d8HXh5KQdOijVKKXiZuszqdFlPedv3LTuWYwSAsr6fQvxRdgGzVutAqA-BT635NWzW_nKTgM0R99cWZ1OZaNG9lT2MvBOZ4dSYyIsuP14oR8_lcf3GhDYNRx3svaK\/w640-h618\/Capturar.JPG\" alt=\"\"\/><\/figure>\n\n\n\n<figure class=\"wp-block-image size-large\"><img decoding=\"async\" src=\"https:\/\/blogger.googleusercontent.com\/img\/b\/R29vZ2xl\/AVvXsEiavEItscKOaRkbRVLLMozIOk_yFgpHHjZAb5ZwCXtFO09g7TeGVPasjxNb8DGDOXHfNXG1hxnFPPsN0nX8W-4EWpsY4NKfBoIhmtE-dRMoRmXQGvEo3R-P6rHRJ04Uf62cyF8NvMUwAB0RvCpoxw0t_7NCcp0E7uKN7g2YhkerYgt7MdfMBU0-TKOXzLy4\/w640-h636\/Capturarb.JPG\" alt=\"\"\/><\/figure>\n\n\n<div class=\"separator\">Dentro da temperamentalidade fonomusical do nosso blog, seguimos agora com este disquinho. Um compacto, por certo, muito especial. Marca dois momentos.\u00a0<\/div>\n<div class=\"separator\">Na ind\u00fastria fonogr\u00e1fica, o fim dos disquinhos compactos. Surgiam por aqui os EPs Mix que s\u00e3o discos de 12 polegadas, mas com apenas uma m\u00fasica, um &#8216;compact\u00e3o&#8217;, que passou a fazer o mesmo que o disco de 7 polegadas fazia. Claro que o compacto n\u00e3o acabou, mas na ind\u00fastria fonogr\u00e1fica. j\u00e1 em fase transi\u00e7\u00e3o, sim. O &#8216;mix&#8217; \u00e9 o que viria a seguir.<\/div>\n<div class=\"separator\">Outro momento , dentro dessa transi\u00e7\u00e3o \u00e9 o surgimento da banda Blitz, que de certa forma vinha para anunciar uma nova era do pop-rock nacional. Foi a partir daquele momento que a m\u00fasica pop ganha for\u00e7a e passa a ser mais explorada pela ind\u00fastria fonogr\u00e1fica. Momento onde come\u00e7am a pipocar dezenas de bandas por todo Brasil.<\/div>\n<div class=\"separator\">E este compacto, que apresentava a Blitz ao Brasil, trazia apenas uma m\u00fasica, a irreverente\u00a0 &#8220;Voc\u00ea n\u00e3o soube me amar&#8221;, em um lado s\u00f3. Do outro, literalmente, &#8216;nada, nada, nada&#8230;&#8217;, nem no selo. Apenas o &#8216;nada&#8217; repetido por uns segundos. Esta m\u00fasica foi um grande sucesso, marcou \u00e9poca e at\u00e9 hoje mantem sua irreverencia. Isso, por certo, diferencia e destaca a import\u00e2ncia do compacto. E para aqueles que se ligam nesses detalhes hist\u00f3ricos-colecion\u00e1veis&#8217;, ainda \u00e9 poss\u00edvel encontrar o disquinho a pre\u00e7o de banana (se \u00e9 que banana ainda \u00e9 barato).<\/div>\n<div class=\"separator\">\u00a0<\/div>\n<div class=\"separator\">voc\u00ea n\u00e3o soube me amar<\/div>\n<div class=\"separator\">nada<\/div>\n<div class=\"separator\">\u00a0<\/div>\n<div class=\"separator\">\u00a0<\/div>\n<div class=\"separator\">\u00a0<\/div>","protected":false},"excerpt":{"rendered":"<p>Dentro da temperamentalidade fonomusical do nosso blog, seguimos agora com este disquinho. Um compacto, por certo, muito especial. Marca dois momentos.\u00a0 Na ind\u00fastria fonogr\u00e1fica, o fim dos disquinhos compactos. Surgiam por aqui os EPs Mix que s\u00e3o discos de 12 &hellip; <a href=\"https:\/\/www.toque-musicall.com\/?p=11112\">Continue lendo <span class=\"meta-nav\">&rarr;<\/span><\/a><\/p>\n","protected":false},"author":1,"featured_media":0,"comment_status":"closed","ping_status":"closed","sticky":false,"template":"","format":"standard","meta":{"footnotes":""},"categories":[1],"tags":[5941,3072,3639],"class_list":["post-11112","post","type-post","status-publish","format-standard","hentry","category-sem-categoria","tag-blitz","tag-compactos","tag-selo-emi"],"_links":{"self":[{"href":"https:\/\/www.toque-musicall.com\/index.php?rest_route=\/wp\/v2\/posts\/11112","targetHints":{"allow":["GET"]}}],"collection":[{"href":"https:\/\/www.toque-musicall.com\/index.php?rest_route=\/wp\/v2\/posts"}],"about":[{"href":"https:\/\/www.toque-musicall.com\/index.php?rest_route=\/wp\/v2\/types\/post"}],"author":[{"embeddable":true,"href":"https:\/\/www.toque-musicall.com\/index.php?rest_route=\/wp\/v2\/users\/1"}],"replies":[{"embeddable":true,"href":"https:\/\/www.toque-musicall.com\/index.php?rest_route=%2Fwp%2Fv2%2Fcomments&post=11112"}],"version-history":[{"count":1,"href":"https:\/\/www.toque-musicall.com\/index.php?rest_route=\/wp\/v2\/posts\/11112\/revisions"}],"predecessor-version":[{"id":11113,"href":"https:\/\/www.toque-musicall.com\/index.php?rest_route=\/wp\/v2\/posts\/11112\/revisions\/11113"}],"wp:attachment":[{"href":"https:\/\/www.toque-musicall.com\/index.php?rest_route=%2Fwp%2Fv2%2Fmedia&parent=11112"}],"wp:term":[{"taxonomy":"category","embeddable":true,"href":"https:\/\/www.toque-musicall.com\/index.php?rest_route=%2Fwp%2Fv2%2Fcategories&post=11112"},{"taxonomy":"post_tag","embeddable":true,"href":"https:\/\/www.toque-musicall.com\/index.php?rest_route=%2Fwp%2Fv2%2Ftags&post=11112"}],"curies":[{"name":"wp","href":"https:\/\/api.w.org\/{rel}","templated":true}]}}