{"id":11114,"date":"2025-04-29T18:33:51","date_gmt":"2025-04-29T21:33:51","guid":{"rendered":"https:\/\/www.toque-musicall.com\/?p=11114"},"modified":"2025-05-13T18:35:46","modified_gmt":"2025-05-13T21:35:46","slug":"fernando-falcao-memorias-das-aguas-1981","status":"publish","type":"post","link":"https:\/\/www.toque-musicall.com\/?p=11114","title":{"rendered":"Fernando Falc\u00e3o &#8211; Mem\u00f3rias Das \u00c1guas (1981)"},"content":{"rendered":"\n<figure class=\"wp-block-image size-large\"><img decoding=\"async\" src=\"https:\/\/blogger.googleusercontent.com\/img\/b\/R29vZ2xl\/AVvXsEg1aumOPsdu-Ap83NU-F4qm1cf6BV3mvkffjtVcR8LVnWsS9Ubew_rJmyEBq5axglVNHU4YQKawLcnuMnY7ySmERyVZyX3lnPyjSDuHX3FsShPr-irIHHWNGEUszkuEDf9NJ7meHoxXT_PUbMlH5C7rO7bYD6dLKxuJ1sv0yHmjUyFW0kKE4T9QFdG4zisx\/w628-h640\/Capturarf.JPG\" alt=\"\"\/><\/figure>\n\n\n\n<figure class=\"wp-block-image size-large\"><img decoding=\"async\" src=\"https:\/\/blogger.googleusercontent.com\/img\/b\/R29vZ2xl\/AVvXsEjMLF_eFBV8Qq-8-cqLfiWB9ye7al92RdcZAo50YgjgHFTxnMg2RNC4mqaURbMwPOC0DIi7Oagi6Dns5ZiZCRDieW-NhmEQOCiDtkHvEshUuHcsSNny9VQBYluRHvulwyO71vgKmKbC-aLhe4NESFXGLkMWPvkZjfBRhEjCvFTUQ5Y6rkPKa5H_7HOYGdYW\/w640-h636\/Capturar.JPG\" alt=\"\"\/><\/figure>\n\n\n<div class=\"separator\">H\u00e1 discos que passam batido e a gente s\u00f3 percebe que eles existem, as vezes at\u00e9 bem dispon\u00edveis, depois que os descobrimos. \u00c9 bem o caso deste lp do compositor, poeta e percussionista Fernando Falc\u00e3o, &#8220;Mem\u00f3rias das \u00c1guas&#8221;, lan\u00e7ado em 1981 pelo selo independente Poitou. Fernando Falc\u00e3o foi ativista pol\u00edtico na \u00e9poca da ditadura militar e viveu por muitos nos exilado na Fran\u00e7a. Foi por l\u00e1 que ele gravou este disco, que poderia ser considerando algo pr\u00f3ximo de um misto de New Age e &#8220;hermetismos pascoais&#8221; (com dizia Caetano). Experimentalismo puro, com influ\u00eancias diversas. Coisa bem legal que vale a pena conhecer.<\/div>\n<div class=\"separator\">\u00a0<\/div>\n<div class=\"separator\">mem\u00f3ria das \u00e1guas<\/div>\n<div class=\"separator\">amanhecer tabajara (a alceu valen\u00e7a)<\/div>\n<div class=\"separator\">ladeira dos inocentes<\/div>\n<div class=\"separator\">revoada<\/div>\n<div class=\"separator\">mercado (gravado no mercado de tanger)<\/div>\n<div class=\"separator\">curim\u00e3o (sons onomoatopaicos e folk da guin\u00e9)<\/div>\n<div class=\"separator\">solito (solo de balau\u00ea)<\/div>\n<div class=\"separator\">danado cantador (badau\u00ea, orquestra e declara\u00e7\u00e3o) (a fagner)<\/div>\n<div class=\"separator\">\u00a0<\/div>\n<div class=\"separator\">\u00a0<\/div>\n<div class=\"separator\">.<\/div>","protected":false},"excerpt":{"rendered":"<p>H\u00e1 discos que passam batido e a gente s\u00f3 percebe que eles existem, as vezes at\u00e9 bem dispon\u00edveis, depois que os descobrimos. \u00c9 bem o caso deste lp do compositor, poeta e percussionista Fernando Falc\u00e3o, &#8220;Mem\u00f3rias das \u00c1guas&#8221;, lan\u00e7ado em &hellip; <a href=\"https:\/\/www.toque-musicall.com\/?p=11114\">Continue lendo <span class=\"meta-nav\">&rarr;<\/span><\/a><\/p>\n","protected":false},"author":1,"featured_media":0,"comment_status":"closed","ping_status":"closed","sticky":false,"template":"","format":"standard","meta":{"footnotes":""},"categories":[1],"tags":[5942,5943],"class_list":["post-11114","post","type-post","status-publish","format-standard","hentry","category-sem-categoria","tag-fernando-falcao","tag-selo-poitou"],"_links":{"self":[{"href":"https:\/\/www.toque-musicall.com\/index.php?rest_route=\/wp\/v2\/posts\/11114","targetHints":{"allow":["GET"]}}],"collection":[{"href":"https:\/\/www.toque-musicall.com\/index.php?rest_route=\/wp\/v2\/posts"}],"about":[{"href":"https:\/\/www.toque-musicall.com\/index.php?rest_route=\/wp\/v2\/types\/post"}],"author":[{"embeddable":true,"href":"https:\/\/www.toque-musicall.com\/index.php?rest_route=\/wp\/v2\/users\/1"}],"replies":[{"embeddable":true,"href":"https:\/\/www.toque-musicall.com\/index.php?rest_route=%2Fwp%2Fv2%2Fcomments&post=11114"}],"version-history":[{"count":1,"href":"https:\/\/www.toque-musicall.com\/index.php?rest_route=\/wp\/v2\/posts\/11114\/revisions"}],"predecessor-version":[{"id":11115,"href":"https:\/\/www.toque-musicall.com\/index.php?rest_route=\/wp\/v2\/posts\/11114\/revisions\/11115"}],"wp:attachment":[{"href":"https:\/\/www.toque-musicall.com\/index.php?rest_route=%2Fwp%2Fv2%2Fmedia&parent=11114"}],"wp:term":[{"taxonomy":"category","embeddable":true,"href":"https:\/\/www.toque-musicall.com\/index.php?rest_route=%2Fwp%2Fv2%2Fcategories&post=11114"},{"taxonomy":"post_tag","embeddable":true,"href":"https:\/\/www.toque-musicall.com\/index.php?rest_route=%2Fwp%2Fv2%2Ftags&post=11114"}],"curies":[{"name":"wp","href":"https:\/\/api.w.org\/{rel}","templated":true}]}}