{"id":1112,"date":"2009-08-20T01:37:00","date_gmt":"2009-08-20T01:37:00","guid":{"rendered":"http:\/\/www.toque-musicall.com\/?p=1112"},"modified":"2009-08-20T01:37:00","modified_gmt":"2009-08-20T01:37:00","slug":"francisco-alves-recordacoes-de-chico-viola-195","status":"publish","type":"post","link":"https:\/\/www.toque-musicall.com\/?p=1112","title":{"rendered":"Francisco Alves &#8211; Recorda\u00e7\u00f5es de Chico Viola (195&#8230;)"},"content":{"rendered":"<p><a href=\"http:\/\/2.bp.blogspot.com\/_DSKVEvHtskc\/SoyqPzPkCDI\/AAAAAAAAFNw\/i9DR9uTvsY4\/s1600-h\/chico+viola+P.JPG\"><img decoding=\"async\" style=\"display:block; margin:0px auto 10px; text-align:center;cursor:pointer; cursor:hand;width: 400px; height: 398px;\" src=\"http:\/\/2.bp.blogspot.com\/_DSKVEvHtskc\/SoyqPzPkCDI\/AAAAAAAAFNw\/i9DR9uTvsY4\/s400\/chico+viola+P.JPG\" border=\"0\" alt=\"\" id=\"BLOGGER_PHOTO_ID_5371855643976402994\" \/><\/a>Ufa! Cheguei a tempo&#8230; Conforme prometido, segue mais um raro exemplar de 10 polegadas do Chico Alves. Este tamb\u00e9m \u00e9 outro que eu n\u00e3o encontrei data, nem no site do Instituto Mem\u00f3ria Musical ou Cravo Albin. Acredito que tamb\u00e9m seja de 53 a 55. Quando o disco passou de duas faixas para oito, no formato &#8216;Long Play&#8217; de 10 polegadas, grande parte da discografia de Chico Viola foi imediatamente reeditada.<\/p>\n<div>Segue a\u00ed ent\u00e3o mais um belo disquinho para voc\u00eas comentarem. Parab\u00e9ns ao Francisco Alves! Leva aqui o meu abra\u00e7o!<\/div>\n<div><\/div>\n<div style=\"text-align: center;\">barcarola<\/div>\n<div style=\"text-align: center;\">dizem que sou um mal rapaz<\/div>\n<div style=\"text-align: center;\">tarde de setembro<\/div>\n<div style=\"text-align: center;\">tipo 7<\/div>\n<div style=\"text-align: center;\">sand\u00e1lia de prata<\/div>\n<div style=\"text-align: center;\">cavaquinho teimoso<\/div>\n<div style=\"text-align: center;\">diga-me<\/div>\n<div style=\"text-align: center;\">adeus<\/div>\n<div style=\"text-align: center;\"><\/div>\n<div style=\"text-align: center;\"><\/div>\n","protected":false},"excerpt":{"rendered":"<p>Ufa! Cheguei a tempo&#8230; Conforme prometido, segue mais um raro exemplar de 10 polegadas do Chico Alves. Este tamb\u00e9m \u00e9 outro que eu n\u00e3o encontrei data, nem no site do Instituto Mem\u00f3ria Musical ou Cravo Albin. Acredito que tamb\u00e9m seja &hellip; <a href=\"https:\/\/www.toque-musicall.com\/?p=1112\">Continue lendo <span class=\"meta-nav\">&rarr;<\/span><\/a><\/p>\n","protected":false},"author":1,"featured_media":0,"comment_status":"open","ping_status":"closed","sticky":false,"template":"","format":"standard","meta":{"footnotes":""},"categories":[115],"tags":[],"class_list":["post-1112","post","type-post","status-publish","format-standard","hentry","category-francisco-alves"],"_links":{"self":[{"href":"https:\/\/www.toque-musicall.com\/index.php?rest_route=\/wp\/v2\/posts\/1112","targetHints":{"allow":["GET"]}}],"collection":[{"href":"https:\/\/www.toque-musicall.com\/index.php?rest_route=\/wp\/v2\/posts"}],"about":[{"href":"https:\/\/www.toque-musicall.com\/index.php?rest_route=\/wp\/v2\/types\/post"}],"author":[{"embeddable":true,"href":"https:\/\/www.toque-musicall.com\/index.php?rest_route=\/wp\/v2\/users\/1"}],"replies":[{"embeddable":true,"href":"https:\/\/www.toque-musicall.com\/index.php?rest_route=%2Fwp%2Fv2%2Fcomments&post=1112"}],"version-history":[{"count":0,"href":"https:\/\/www.toque-musicall.com\/index.php?rest_route=\/wp\/v2\/posts\/1112\/revisions"}],"wp:attachment":[{"href":"https:\/\/www.toque-musicall.com\/index.php?rest_route=%2Fwp%2Fv2%2Fmedia&parent=1112"}],"wp:term":[{"taxonomy":"category","embeddable":true,"href":"https:\/\/www.toque-musicall.com\/index.php?rest_route=%2Fwp%2Fv2%2Fcategories&post=1112"},{"taxonomy":"post_tag","embeddable":true,"href":"https:\/\/www.toque-musicall.com\/index.php?rest_route=%2Fwp%2Fv2%2Ftags&post=1112"}],"curies":[{"name":"wp","href":"https:\/\/api.w.org\/{rel}","templated":true}]}}