{"id":11122,"date":"2025-05-02T20:51:20","date_gmt":"2025-05-02T23:51:20","guid":{"rendered":"https:\/\/www.toque-musicall.com\/?p=11122"},"modified":"2025-05-22T20:19:54","modified_gmt":"2025-05-22T23:19:54","slug":"ii-festival-univesitario-da-musica-brasileira-1969","status":"publish","type":"post","link":"https:\/\/www.toque-musicall.com\/?p=11122","title":{"rendered":"II Festival Univesit\u00e1rio Da M\u00fasica Brasileira (1969)"},"content":{"rendered":"\n<figure class=\"wp-block-image size-large\"><img decoding=\"async\" src=\"https:\/\/blogger.googleusercontent.com\/img\/b\/R29vZ2xl\/AVvXsEhhTK5o6KHWCyfssF4ueNg1fS-08PhwbcavdkuBzPpLa9rMtwAq5mQ4Wbb0marjgE-blZvdzbKPab6h_5_0c9rGtfOyc8WXl2-b525UTANzxiZ5g4PS-mI5B6wda7HwbErm6m4IYiCEKmdciQeNFGXJYzT86q8U4pxrNynvqm-pRH40ah40wNWbmfShzgiH\/w640-h634\/Capturar.JPG\" alt=\"\"\/><\/figure>\n\n\n\n<figure class=\"wp-block-image size-large\"><img decoding=\"async\" src=\"https:\/\/blogger.googleusercontent.com\/img\/b\/R29vZ2xl\/AVvXsEjwiMCYohZpArnooNoq-AvB6_oLlbqSBf_7G7ia84OSENwXIg2ZihVKzOmIynitN8LrfOqHYc4IQMJIt5OnuZ44L9KXg-SOyWBSuYhz_O-evlo_YcWD41Q3VEZB2-FBd5Ctezs5P1AtbwLHJqH6ONc7B59glMKAH_SDh7e7XV4yr2y7cngLv275H6rXVFki\/w640-h632\/Capturarb.JPG\" alt=\"\"\/><\/figure>\n\n\n<div class=\"separator\">E vamos n\u00f3s para mais um disco de festivais&#8230; J\u00e1 foram tantos postados aqui que as vezes \u00e9 dif\u00edcil saber se n\u00e3o estamos repetindo o toque. E digo isso, por conta de que as configura\u00e7\u00f5es do nosso index j\u00e1 foi pro brejo :(, algum problema na configura\u00e7\u00e3o que faz com que um t\u00edtulo postado n\u00e3o apare\u00e7a na busca. Enfim, n\u00e3o importa&#8230; Vamos postar assim mesmo: II Festival Universit\u00e1rio da M\u00fasica Brasileira. Promovido pela antiga TV Tupi e Secretaria de Cultura da Guanabara, este festival, como o pr\u00f3prio nome j\u00e1 diz, foi um concuro voltado para compositores universit\u00e1rios. Aconteceu no Rio de Janiero e em S\u00e3o Paulo, sendo, respectivamente, os vencedores, Luiz Gonzaga Jr. com a m\u00fasica &#8220;Trem&#8221; e Ab\u00edlio Manoel com &#8220;Pena Verde&#8221;. Foram ao todo 30 selecionados, 15 em cada Estado. Por certo, um festival de alto n\u00edvel e que mereceu um registro em disco. Infelizmente, neste lp, que podia ter sido um \u00e1lbum duplo, temos apenas os classificados do Rio de Janeiro.<\/div>\n<div class=\"separator\">\u00a0<\/div>\n<div class=\"separator\">o trem &#8211; luiz gonzaga jr<\/div>\n<div class=\"separator\">nada sei de eterno &#8211; l\u00facio alves<\/div>\n<div class=\"separator\">monica, monica &#8211; cynara<\/div>\n<div class=\"separator\">de l\u00e1 pra c\u00e1 &#8211; regininha<\/div>\n<div class=\"separator\">mirante &#8211; maria creusa e cesar costa filho<\/div>\n<div class=\"separator\">mundo novo vida nova &#8211; claudette soares<\/div>\n<div class=\"separator\">de esquina em esquina &#8211; marcos samm<\/div>\n<div class=\"separator\">alice &#8211; homero<\/div>\n<div class=\"separator\">morar sem paredes &#8211; luiz carlos s\u00e1<\/div>\n<div class=\"separator\">\u00a0<\/div>\n<div class=\"separator\">\u00a0<\/div>\n<div class=\"separator\">.<\/div>\n<div class=\"separator\">\u00a0<\/div>\n<div class=\"separator\">\u00a0<\/div>","protected":false},"excerpt":{"rendered":"<p>E vamos n\u00f3s para mais um disco de festivais&#8230; J\u00e1 foram tantos postados aqui que as vezes \u00e9 dif\u00edcil saber se n\u00e3o estamos repetindo o toque. E digo isso, por conta de que as configura\u00e7\u00f5es do nosso index j\u00e1 foi &hellip; <a href=\"https:\/\/www.toque-musicall.com\/?p=11122\">Continue lendo <span class=\"meta-nav\">&rarr;<\/span><\/a><\/p>\n","protected":false},"author":1,"featured_media":0,"comment_status":"closed","ping_status":"closed","sticky":false,"template":"","format":"standard","meta":{"footnotes":""},"categories":[1],"tags":[5948,5947,3012],"class_list":["post-11122","post","type-post","status-publish","format-standard","hentry","category-sem-categoria","tag-festvais","tag-ii-festival-universitario-da-musica-brasileira","tag-selo-philips"],"_links":{"self":[{"href":"https:\/\/www.toque-musicall.com\/index.php?rest_route=\/wp\/v2\/posts\/11122","targetHints":{"allow":["GET"]}}],"collection":[{"href":"https:\/\/www.toque-musicall.com\/index.php?rest_route=\/wp\/v2\/posts"}],"about":[{"href":"https:\/\/www.toque-musicall.com\/index.php?rest_route=\/wp\/v2\/types\/post"}],"author":[{"embeddable":true,"href":"https:\/\/www.toque-musicall.com\/index.php?rest_route=\/wp\/v2\/users\/1"}],"replies":[{"embeddable":true,"href":"https:\/\/www.toque-musicall.com\/index.php?rest_route=%2Fwp%2Fv2%2Fcomments&post=11122"}],"version-history":[{"count":1,"href":"https:\/\/www.toque-musicall.com\/index.php?rest_route=\/wp\/v2\/posts\/11122\/revisions"}],"predecessor-version":[{"id":11123,"href":"https:\/\/www.toque-musicall.com\/index.php?rest_route=\/wp\/v2\/posts\/11122\/revisions\/11123"}],"wp:attachment":[{"href":"https:\/\/www.toque-musicall.com\/index.php?rest_route=%2Fwp%2Fv2%2Fmedia&parent=11122"}],"wp:term":[{"taxonomy":"category","embeddable":true,"href":"https:\/\/www.toque-musicall.com\/index.php?rest_route=%2Fwp%2Fv2%2Fcategories&post=11122"},{"taxonomy":"post_tag","embeddable":true,"href":"https:\/\/www.toque-musicall.com\/index.php?rest_route=%2Fwp%2Fv2%2Ftags&post=11122"}],"curies":[{"name":"wp","href":"https:\/\/api.w.org\/{rel}","templated":true}]}}