{"id":11126,"date":"2025-05-04T20:19:59","date_gmt":"2025-05-04T23:19:59","guid":{"rendered":"https:\/\/www.toque-musicall.com\/?p=11126"},"modified":"2025-05-22T20:22:06","modified_gmt":"2025-05-22T23:22:06","slug":"coral-das-novicas-das-filhas-de-caridade-de-sao-vicente-de-paula-1964","status":"publish","type":"post","link":"https:\/\/www.toque-musicall.com\/?p=11126","title":{"rendered":"Coral Das Novi\u00e7as Das Filhas De Caridade De S\u00e3o Vicente De Paula (1964)"},"content":{"rendered":"\n<figure class=\"wp-block-image size-large\"><img decoding=\"async\" src=\"https:\/\/blogger.googleusercontent.com\/img\/b\/R29vZ2xl\/AVvXsEgSjIBRnUGTLIXH7lzROjPFBynezC4ZqVq1HloJ39qBjjEdLt3LaPdgdxZPE119dHrBk8T6NVr_3OPdvGUIk9WoGJ_AkBSrCY9gjkpuDp6bX029FLCKO07o7WH57IZHFyWMof9lDSCqJeZt82yrM5CjJ_HsjQO3CcMcrr3iECMD4p1OR93ZI3GGa7IrZuKW\/w626-h640\/Capturar.JPG\" alt=\"\"\/><\/figure>\n\n\n\n<figure class=\"wp-block-image size-large\"><img decoding=\"async\" src=\"https:\/\/blogger.googleusercontent.com\/img\/b\/R29vZ2xl\/AVvXsEjWGJDG3H3UcXlZyPdzBkx9PEsvSwz6umxZKEifvzv0xilfskmbBB0fYHVrddzIjwFOVsBJsWpUDurASSsBA9pWtasm7xtxlY_c5TALXbrxG6f8mxZSXDCTXrYZZeWzWzOVOYmT-HjP-4_GKsGUn_VMwDLDwyA5c4-uWmoXd6bvyEYQGgOcStqQkWcN2Nzg\/w626-h640\/Capturarb.JPG\" alt=\"\"\/><\/figure>\n\n\n<div class=\"separator\">Mais um compacto&#8230; Desta vez, temos este disquinho que havia sido reservado para a \u00faltima semana natalina, mas acabo sendo esquecido pelo Papai Noel. Para que n\u00e3o fique esquecido no pr\u00f3ximo Natal, vamos trazendo ele hoje e a\u00ed, voc\u00eas deixam para ouvir no fim do ano, combinado? Hehehe&#8230;<\/div>\n<div class=\"separator\">Aqui temos o Coral das Novi\u00e7as das Filhas da Caridade de S\u00e3o Vicente de Paula em um disquinho muito raro lan\u00e7ado em 1964, sem fins comerciais, conforme nos fala o texto na contracapa. Mas, ao que parece, o disco era doado a quem, em contrapartida, fizesse uma doa\u00e7\u00e3o \u00e0 Casa Provincial das Filhs da Caridade de S\u00e3o Vicente de Paula. Tiragem limitada, mais um disco raro.<\/div>\n<div class=\"separator\">\u00a0<\/div>\n<div class=\"separator\">blem, blem, blem, o sino ate<\/div>\n<div class=\"separator\">natal canto de alegria<\/div>\n<div class=\"separator\">glorai in excelsis deo<\/div>\n<div class=\"separator\">noite feliz<\/div>\n<div class=\"separator\">\u00a0<\/div>\n<div class=\"separator\">\u00a0<\/div>\n<div class=\"separator\">.<\/div>","protected":false},"excerpt":{"rendered":"<p>Mais um compacto&#8230; Desta vez, temos este disquinho que havia sido reservado para a \u00faltima semana natalina, mas acabo sendo esquecido pelo Papai Noel. Para que n\u00e3o fique esquecido no pr\u00f3ximo Natal, vamos trazendo ele hoje e a\u00ed, voc\u00eas deixam &hellip; <a href=\"https:\/\/www.toque-musicall.com\/?p=11126\">Continue lendo <span class=\"meta-nav\">&rarr;<\/span><\/a><\/p>\n","protected":false},"author":1,"featured_media":0,"comment_status":"closed","ping_status":"closed","sticky":false,"template":"","format":"standard","meta":{"footnotes":""},"categories":[1],"tags":[3072,5950,3076],"class_list":["post-11126","post","type-post","status-publish","format-standard","hentry","category-sem-categoria","tag-compactos","tag-coral-das-novicas","tag-selo-mocambo"],"_links":{"self":[{"href":"https:\/\/www.toque-musicall.com\/index.php?rest_route=\/wp\/v2\/posts\/11126","targetHints":{"allow":["GET"]}}],"collection":[{"href":"https:\/\/www.toque-musicall.com\/index.php?rest_route=\/wp\/v2\/posts"}],"about":[{"href":"https:\/\/www.toque-musicall.com\/index.php?rest_route=\/wp\/v2\/types\/post"}],"author":[{"embeddable":true,"href":"https:\/\/www.toque-musicall.com\/index.php?rest_route=\/wp\/v2\/users\/1"}],"replies":[{"embeddable":true,"href":"https:\/\/www.toque-musicall.com\/index.php?rest_route=%2Fwp%2Fv2%2Fcomments&post=11126"}],"version-history":[{"count":1,"href":"https:\/\/www.toque-musicall.com\/index.php?rest_route=\/wp\/v2\/posts\/11126\/revisions"}],"predecessor-version":[{"id":11127,"href":"https:\/\/www.toque-musicall.com\/index.php?rest_route=\/wp\/v2\/posts\/11126\/revisions\/11127"}],"wp:attachment":[{"href":"https:\/\/www.toque-musicall.com\/index.php?rest_route=%2Fwp%2Fv2%2Fmedia&parent=11126"}],"wp:term":[{"taxonomy":"category","embeddable":true,"href":"https:\/\/www.toque-musicall.com\/index.php?rest_route=%2Fwp%2Fv2%2Fcategories&post=11126"},{"taxonomy":"post_tag","embeddable":true,"href":"https:\/\/www.toque-musicall.com\/index.php?rest_route=%2Fwp%2Fv2%2Ftags&post=11126"}],"curies":[{"name":"wp","href":"https:\/\/api.w.org\/{rel}","templated":true}]}}